{"id":957,"date":"2022-11-28T10:59:39","date_gmt":"2022-11-28T10:59:39","guid":{"rendered":"https:\/\/www.smwa.sachsen.de\/blog\/?p=957"},"modified":"2022-12-06T15:39:49","modified_gmt":"2022-12-06T15:39:49","slug":"thomas-schmidt-ist-deutschlands-business-angel-2022","status":"publish","type":"post","link":"https:\/\/www.smwa.sachsen.de\/blog\/2022\/11\/28\/thomas-schmidt-ist-deutschlands-business-angel-2022\/","title":{"rendered":"Thomas Schmidt ist \u00bbDeutschlands Business Angel 2022\u00ab"},"content":{"rendered":"\n<p>Thomas Schmidt aus Leipzig ist \u00bbDeutschlands Business Angel 2022\u00ab! Der Unternehmer wurde am Sonntag w\u00e4hrend der feierliche Verleihung der \u00bbGoldenen Nase\u00ab auf dem \u00bbDeutschen Business Angels Tag 2022\u00ab ausgezeichnet. Wirtschaftsminister Martin Dulig gratuliert ganz herzlich, Wirtschafts-Staatssekret\u00e4r Thomas Kralinski \u2013 der an der Veranstaltung teilnahm \u2013 begl\u00fcckw\u00fcnschte Schmidt gleich vor Ort in Leipzig.<\/p>\n\n\n\n<!--more-->\n\n\n\n<div class=\"wp-block-columns is-layout-flex wp-container-core-columns-is-layout-9d6595d7 wp-block-columns-is-layout-flex\">\n<div class=\"wp-block-column is-layout-flow wp-block-column-is-layout-flow\" style=\"flex-basis:33.33%\">\n<figure class=\"wp-block-image size-full\"><img loading=\"lazy\" decoding=\"async\" width=\"718\" height=\"594\" src=\"https:\/\/www.smwa.sachsen.de\/blog\/wp-content\/uploads\/2022\/11\/ThomasSchmidt2_format.jpg.png\" alt=\"\" class=\"wp-image-959\" srcset=\"https:\/\/www.smwa.sachsen.de\/blog\/wp-content\/uploads\/2022\/11\/ThomasSchmidt2_format.jpg.png 718w, https:\/\/www.smwa.sachsen.de\/blog\/wp-content\/uploads\/2022\/11\/ThomasSchmidt2_format.jpg-430x356.png 430w\" sizes=\"auto, (max-width: 718px) 100vw, 718px\" \/><\/figure>\n<\/div>\n\n\n\n<div class=\"wp-block-column is-layout-flow wp-block-column-is-layout-flow\" style=\"flex-basis:66.66%\">\n<p>Schmidt&nbsp;ist mehrfacher Unternehmensgr\u00fcnder, erfahrener CEO und vision\u00e4re F\u00fchrungskraft in einem. Als CEO und Mitbegr\u00fcnder der datafactory AG brachte er 1999 mit Webfleet eines der ersten webbasierten Flottenmanagementsysteme der Welt auf den Markt. Nach der \u00dcbernahme von datafactory durch TomTom (2005) setzte er als CEO von TomTom Telematics das Wachstum und den Rollout von Webfleet in Europa, Nordamerika und anderen Regionen der Welt fort.<\/p>\n\n\n\n<p>Seit 2021 arbeitet der Leipziger als unabh\u00e4ngiger Management- und M&amp;A-Berater, Business Angel und Early-Stage-Investor \u00fcber seine Beteiligungsgesellschaft be-exponential. Seine Investment-Schwerpunkte sind dabei B2B,Software-as-a-Service (SaaS), Smart Mobility Solutions, Blockchain-Technologie und andere Hightech-Produkte und -L\u00f6sungen.<\/p>\n<\/div>\n<\/div>\n\n\n\n<p>\u00dcber seinen Erfolg sagt Thomas Schmidt: \u00bbEs ist einfach ein unglaubliches Gef\u00fchl. Ein gro\u00dfes Danke geht an \u00bbmeine\u00ab Start- und Scale-Ups Actaport, Ducktrain, DeskNow, munevo GmbH, IO-Dynamics, seventhings, Peeriot GmbH und PIONIX GmbH, die mich als \u00bbBusiness Angel des Jahres\u00ab vorgeschlagen und meine Arbeit bewertet haben, so dass ich es unter die Top-5 der Nominierten schaffen konnte. Was f\u00fcr ein gro\u00dfartiges Feedback! Und \u00fcbrigens h\u00e4tte jeder der anderen als Top-5 nominierten Angels Alf Arnold, Alexander Bruehl, Wilfried Gillrath und Tobias Wittich eine solche W\u00fcrdigung genauso verdient, wie auch noch viele andere Angels, die t\u00e4glich ihr Bestes geben, um den Innovationsstandort Deutschland insgesamt nach vorn zu bringen.\u00ab<\/p>\n\n\n\n<p>Ein Business Angel (\u00bbUnternehmensengel\u00ab oder \u00bbAngel Investor\u00ab) ist jemand, der sich finanziell an Unternehmen beteiligt und gleichzeitig die Existenzgr\u00fcnder mit Know-how und Kontakten in einer typischerweise sehr fr\u00fchen Phase unterst\u00fctzt. Meist handelt es sich dabei um erfolgreiche Gr\u00fcnder, die nach dem Verkauf oder B\u00f6rsengang ihres ehemaligen Unternehmens Kapital und Know-how in junge Unternehmen einbringen, oder um erfahrene Unternehmer oder&nbsp;leitende Angestellte, die aufgrund ihrer langen Berufst\u00e4tigkeit \u00fcber mehr&nbsp;Management-Erfahrung und Kontakte verf\u00fcgen als die Gr\u00fcnder der betreuten Unternehmen selbst.<\/p>\n\n\n\n<p>Weitere Informationen auf der Homepage des Business Angels Netzwerk Deutschland e.V. (BAND):<br><a rel=\"noreferrer noopener\" href=\"https:\/\/www.business-angels.de\/thomas-schmidt-ist-business-angel-des-jahres-2022\/\" target=\"_blank\">https:\/\/www.business-angels.de\/thomas-schmidt-ist-business-angel-des-jahres-2022\/<\/a><\/p>\n","protected":false},"excerpt":{"rendered":"<p>Thomas Schmidt aus Leipzig ist \u00bbDeutschlands Business Angel 2022\u00ab! Der Unternehmer wurde am Sonntag w\u00e4hrend der feierliche Verleihung der \u00bbGoldenen Nase\u00ab auf dem \u00bbDeutschen Business Angels Tag 2022\u00ab ausgezeichnet. Wirtschaftsminister Martin Dulig gratuliert ganz herzlich, Wirtschafts-Staatssekret\u00e4r Thomas Kralinski \u2013 der an der Veranstaltung teilnahm \u2013 begl\u00fcckw\u00fcnschte Schmidt gleich vor Ort in Leipzig.<\/p>\n","protected":false},"author":6,"featured_media":958,"comment_status":"open","ping_status":"open","sticky":false,"template":"","format":"standard","meta":{"episode_type":"","audio_file":"","podmotor_file_id":"","podmotor_episode_id":"","cover_image":"","cover_image_id":"","duration":"","filesize":"","filesize_raw":"","date_recorded":"","explicit":"","block":"","footnotes":""},"categories":[1,6],"tags":[133,21],"class_list":["post-957","post","type-post","status-publish","format-standard","has-post-thumbnail","hentry","category-aktuelles","category-wirtschaft","tag-business-angel","tag-leipzig"],"_links":{"self":[{"href":"https:\/\/www.smwa.sachsen.de\/blog\/wp-json\/wp\/v2\/posts\/957","targetHints":{"allow":["GET"]}}],"collection":[{"href":"https:\/\/www.smwa.sachsen.de\/blog\/wp-json\/wp\/v2\/posts"}],"about":[{"href":"https:\/\/www.smwa.sachsen.de\/blog\/wp-json\/wp\/v2\/types\/post"}],"author":[{"embeddable":true,"href":"https:\/\/www.smwa.sachsen.de\/blog\/wp-json\/wp\/v2\/users\/6"}],"replies":[{"embeddable":true,"href":"https:\/\/www.smwa.sachsen.de\/blog\/wp-json\/wp\/v2\/comments?post=957"}],"version-history":[{"count":5,"href":"https:\/\/www.smwa.sachsen.de\/blog\/wp-json\/wp\/v2\/posts\/957\/revisions"}],"predecessor-version":[{"id":964,"href":"https:\/\/www.smwa.sachsen.de\/blog\/wp-json\/wp\/v2\/posts\/957\/revisions\/964"}],"wp:featuredmedia":[{"embeddable":true,"href":"https:\/\/www.smwa.sachsen.de\/blog\/wp-json\/wp\/v2\/media\/958"}],"wp:attachment":[{"href":"https:\/\/www.smwa.sachsen.de\/blog\/wp-json\/wp\/v2\/media?parent=957"}],"wp:term":[{"taxonomy":"category","embeddable":true,"href":"https:\/\/www.smwa.sachsen.de\/blog\/wp-json\/wp\/v2\/categories?post=957"},{"taxonomy":"post_tag","embeddable":true,"href":"https:\/\/www.smwa.sachsen.de\/blog\/wp-json\/wp\/v2\/tags?post=957"}],"curies":[{"name":"wp","href":"https:\/\/api.w.org\/{rel}","templated":true}]}}