{"id":898,"date":"2022-11-28T09:13:48","date_gmt":"2022-11-28T09:13:48","guid":{"rendered":"https:\/\/www.smwa.sachsen.de\/blog\/?p=898"},"modified":"2022-12-06T15:39:34","modified_gmt":"2022-12-06T15:39:34","slug":"so-sichert-sachsen-mobilitaet","status":"publish","type":"post","link":"https:\/\/www.smwa.sachsen.de\/blog\/2022\/11\/28\/so-sichert-sachsen-mobilitaet\/","title":{"rendered":"So sichert Sachsen Mobilit\u00e4t"},"content":{"rendered":"\n<p>Sachsen sichert die Mobilit\u00e4t von morgen. Die Beschaffung und F\u00f6rderung sauberer Fahrzeuge f\u00fcr den \u00d6PNV sind dabei eine Daueraufgabe.<\/p>\n\n\n\n<p>Mehr denn je hat die Nutzung des \u00d6PNV in den vergangenen Monaten \u2013 verst\u00e4rkt durch das 9-Euro-Ticket \u2013 gezeigt, dass eine moderne und leistungsf\u00e4hige Verkehrsinfrastruktur ein entscheidender Faktor f\u00fcr die Lebensqualit\u00e4t und Attraktivit\u00e4t Sachsens als Wirtschafts- und Lebensraum ist.&nbsp;<\/p>\n\n\n\n<!--more-->\n\n\n\n<div class=\"wp-block-columns is-layout-flex wp-container-core-columns-is-layout-9d6595d7 wp-block-columns-is-layout-flex\">\n<div class=\"wp-block-column is-layout-flow wp-block-column-is-layout-flow\">\n<figure class=\"wp-block-image size-large\"><img loading=\"lazy\" decoding=\"async\" width=\"1280\" height=\"834\" src=\"https:\/\/www.smwa.sachsen.de\/blog\/wp-content\/uploads\/2022\/11\/2022-11-14_154036-1280x834.jpg\" alt=\"\" class=\"wp-image-900\" srcset=\"https:\/\/www.smwa.sachsen.de\/blog\/wp-content\/uploads\/2022\/11\/2022-11-14_154036-1280x834.jpg 1280w, https:\/\/www.smwa.sachsen.de\/blog\/wp-content\/uploads\/2022\/11\/2022-11-14_154036-430x280.jpg 430w, https:\/\/www.smwa.sachsen.de\/blog\/wp-content\/uploads\/2022\/11\/2022-11-14_154036-768x500.jpg 768w, https:\/\/www.smwa.sachsen.de\/blog\/wp-content\/uploads\/2022\/11\/2022-11-14_154036-1536x1001.jpg 1536w, https:\/\/www.smwa.sachsen.de\/blog\/wp-content\/uploads\/2022\/11\/2022-11-14_154036-2048x1334.jpg 2048w\" sizes=\"auto, (max-width: 1280px) 100vw, 1280px\" \/><figcaption class=\"wp-element-caption\">Die \u00bb<a href=\"https:\/\/www.dvb.de\/de-de\/die-dvb\/zukunftsprojekte\/erneuerung-des-strassenbahnfuhrparks\" target=\"_blank\" rel=\"noreferrer noopener\">Neue Stadtbahn<\/a>\u00ab Dresdner Verkehrsbetriebe f\u00e4hrt ab Dezember 2022 im Linienbetrieb in Dresden <\/figcaption><\/figure>\n<\/div>\n\n\n\n<div class=\"wp-block-column is-layout-flow wp-block-column-is-layout-flow\">\n<blockquote class=\"wp-block-quote is-layout-flow wp-block-quote-is-layout-flow\">\n<p>\u00bbWir brauchen eine verl\u00e4ssliche und ausk\u00f6mmliche Finanzierung unseres \u00d6PNV.\u00ab<\/p>\n<cite>Sachsens Verkehrsminister Martin Dulig<\/cite><\/blockquote>\n<\/div>\n<\/div>\n\n\n\n<p>Der \u00d6PNV steht jedoch vor einer schwierigen Situation. Die enorm gestiegenen Kosten insbesondere f\u00fcr Energie f\u00fchren aktuell zu \u00dcberlegungen der Unternehmen, die Verkehre zu reduzieren oder die Fahrpreise deutlich zu erh\u00f6hen. Beides ist nicht gew\u00fcnscht. \u00bbDie aktuellen Herausforderungen gestalten den Erhalt und Ausbau des Angebotes f\u00fcr die Verkehrsunternehmen schwierig. Wir brauchen daher eine verl\u00e4ssliche und ausk\u00f6mmliche Finanzierung unseres \u00d6PNV. Hierf\u00fcr muss der Bund die zukunftsfeste Grundfinanzierung des \u00d6PNV \u00fcber ausreichende Regionalisierungsmittel sicherstellen. Daf\u00fcr setze ich mich konsequent ein\u00ab, sagt Verkehrsminister Martin Dulig.&nbsp;<\/p>\n\n\n\n<p>Der Freistaat Sachsen engagiert sich aktuell u. a. f\u00fcr einen finanziellen Ausgleich durch die \u00f6ffentliche Hand. Dabei sind auch die bereits gestiegenen Beitr\u00e4ge der s\u00e4chsischen Kommunen f\u00fcr den \u00d6PNV anzuerkennen.<\/p>\n\n\n\n<p>Neben gesicherten Bestandsverkehren sind leistungsf\u00e4hige Infrastrukturen und das sogenannte \u00bbrollende Material\u00ab ausschlaggebend f\u00fcr die Mobilit\u00e4tswende hin zu einem klimaschonenden \u00d6PNV. Hierf\u00fcr schafft Sachsen bereits die Voraussetzungen und unterst\u00fctzt die Aufgabentr\u00e4ger und die Verkehrsunternehmen im Rahmen des <a href=\"https:\/\/medienservice.sachsen.de\/medien\/news\/248241\" target=\"_blank\" rel=\"noreferrer noopener\">Landes\u00adinvestitionsprogrammes \u00d6PNV<\/a>.&nbsp;<\/p>\n\n\n\n<p>Die s\u00e4chsischen Verkehrsunternehmen haben sich bereits auf den Weg gemacht und stellen ihre Flotten schrittweise um. Elektrobusse, aber auch Diesel-Hybridbusse als eine bew\u00e4hrte \u00dcbergangsl\u00f6sung, sind u. a. bereits beim Regionalverkehr Erzgebirge sowie bei den Leipziger und Dresdner Verkehrsbetrieben im Einsatz. Weitere Busse sind bestellt. In einem Gemeinschaftsprojekt der Leipziger, G\u00f6rlitzer und Zwickauer Verkehrsbetriebe werden die \u00bbStra\u00dfenbahnen der Zukunft\u00ab f\u00fcr alle drei St\u00e4dte beschafft und sollen ab 2024 fahren. Bei den Dresdner Verkehrsbetrieben sollen bis Ende 2023 30 hochmoderne Niederflurstadtbahnwagen mit verbreitertem Wagenkasten und gr\u00f6\u00dferer Fahrgastkapazit\u00e4t \u00fcber die Gleise rollen. Der Freistaat Sachsen und die Europ\u00e4ische Union gew\u00e4hren erhebliche Zuwendungen f\u00fcr diese Beschaffungen und unterst\u00fctzen die Unternehmen damit bei der Verkehrswende.<\/p>\n\n\n\n<p>Im Schienenpersonennahverkehr halten die alternativen Antriebe ihren Einzug zwischen Leipzig und Chemnitz voraussichtlich ab Dezember 2023, zwischen Leipzig, Grimma und D\u00f6beln ab 2026. Mit neu beschafften batterieelektrischen Fahrzeugen h\u00e4lt der elektrische \u2013 und damit saubere \u2013 Eisenbahnverkehr Einzug auf Strecken, die nicht mit elektrischer Oberleitung ausgestattet sind.&nbsp;<\/p>\n\n\n\n<div class=\"wp-block-columns is-layout-flex wp-container-core-columns-is-layout-9d6595d7 wp-block-columns-is-layout-flex\">\n<div class=\"wp-block-column is-layout-flow wp-block-column-is-layout-flow\">\n<figure class=\"wp-block-image size-large\"><img loading=\"lazy\" decoding=\"async\" width=\"1280\" height=\"853\" src=\"https:\/\/www.smwa.sachsen.de\/blog\/wp-content\/uploads\/2022\/11\/2020-02-27_LVB_Pressetermin_EK-6655-1280x853.jpg\" alt=\"\" class=\"wp-image-902\" srcset=\"https:\/\/www.smwa.sachsen.de\/blog\/wp-content\/uploads\/2022\/11\/2020-02-27_LVB_Pressetermin_EK-6655-1280x853.jpg 1280w, https:\/\/www.smwa.sachsen.de\/blog\/wp-content\/uploads\/2022\/11\/2020-02-27_LVB_Pressetermin_EK-6655-430x287.jpg 430w, https:\/\/www.smwa.sachsen.de\/blog\/wp-content\/uploads\/2022\/11\/2020-02-27_LVB_Pressetermin_EK-6655-768x512.jpg 768w, https:\/\/www.smwa.sachsen.de\/blog\/wp-content\/uploads\/2022\/11\/2020-02-27_LVB_Pressetermin_EK-6655-1536x1024.jpg 1536w, https:\/\/www.smwa.sachsen.de\/blog\/wp-content\/uploads\/2022\/11\/2020-02-27_LVB_Pressetermin_EK-6655-2048x1365.jpg 2048w\" sizes=\"auto, (max-width: 1280px) 100vw, 1280px\" \/><figcaption class=\"wp-element-caption\"><a href=\"https:\/\/medienservice.sachsen.de\/medien\/news\/234461\">F\u00f6rdermittel\u00fcbergabe an die Leipziger Verkehrsbetriebe 2020<\/a><br>Bild: Leipziger Gruppe \/ Eric Kemnitz<\/figcaption><\/figure>\n<\/div>\n\n\n\n<div class=\"wp-block-column is-layout-flow wp-block-column-is-layout-flow\">\n<figure class=\"wp-block-image size-large\"><img loading=\"lazy\" decoding=\"async\" width=\"1280\" height=\"853\" src=\"https:\/\/www.smwa.sachsen.de\/blog\/wp-content\/uploads\/2022\/11\/2020-02-27_LVB_Pressetermin_EK-6851-1280x853.jpg\" alt=\"\" class=\"wp-image-903\" srcset=\"https:\/\/www.smwa.sachsen.de\/blog\/wp-content\/uploads\/2022\/11\/2020-02-27_LVB_Pressetermin_EK-6851-1280x853.jpg 1280w, https:\/\/www.smwa.sachsen.de\/blog\/wp-content\/uploads\/2022\/11\/2020-02-27_LVB_Pressetermin_EK-6851-430x287.jpg 430w, https:\/\/www.smwa.sachsen.de\/blog\/wp-content\/uploads\/2022\/11\/2020-02-27_LVB_Pressetermin_EK-6851-768x512.jpg 768w, https:\/\/www.smwa.sachsen.de\/blog\/wp-content\/uploads\/2022\/11\/2020-02-27_LVB_Pressetermin_EK-6851-1536x1024.jpg 1536w, https:\/\/www.smwa.sachsen.de\/blog\/wp-content\/uploads\/2022\/11\/2020-02-27_LVB_Pressetermin_EK-6851-2048x1365.jpg 2048w\" sizes=\"auto, (max-width: 1280px) 100vw, 1280px\" \/><figcaption class=\"wp-element-caption\">Bild: Leipziger Gruppe \/ Eric Kemnitz<\/figcaption><\/figure>\n<\/div>\n<\/div>\n\n\n\n<h2 class=\"wp-block-heading\"><strong>Das Saubere-Fahrzeuge-Beschaffungs-Gesetz<\/strong><\/h2>\n\n\n\n<p>Der Umstieg auf saubere, umweltfreundliche Fahrzeuge l\u00e4uft an. Mit dem Saubere-Fahrzeuge-Beschaffungs-Gesetz stehen die Unternehmen im \u00d6PNV vor der Herausforderung, ihre Flotten sukzessive auf neue Antriebstechnologien umzur\u00fcsten. Mit dem Gesetz werden bei der \u00f6ffentlichen Auftragsvergabe erstmals verbindliche Mindestziele f\u00fcr emissionsarme und -freie Pkw sowie leichte und schwere Nutzfahrzeuge f\u00fcr die Beschaffung vorgegeben \u2013 im \u00d6PNV gilt dies insbesondere f\u00fcr Busse. In Frage kommen hierf\u00fcr aus heutiger Sicht vor allem Elektro- und Wasserstoffantriebe.<\/p>\n\n\n\n<p>Die Umsetzung der Vorgaben erfordert eine gute Vorbereitung durch die Verkehrsunternehmen \u2013 nicht nur f\u00fcr die Wahl der Antriebsart, sondern auch f\u00fcr die Planung der daf\u00fcr erforderlichen Infrastruktur. Im \u00d6PNV betrifft dies die Busunternehmen \u2013 gleich ob gro\u00df, klein, st\u00e4dtisch oder im l\u00e4ndlichen Raum.&nbsp;<\/p>\n\n\n\n<p>Die Beschaffung und die F\u00f6rderung sauberer Fahrzeuge mit umweltfreundlichen Antrieben f\u00fcr den \u00d6PNV, auch aus F\u00f6rderprogrammen der EU und des Bundes, sind und bleiben dabei eine Daueraufgabe. Bestehende F\u00f6rderprogramme im \u00d6PNV sollen zuk\u00fcnftig st\u00e4rker auf die Beschaffung und den Einsatz energieeffizienter, umwelt- und klimafreundlicher Fahrzeuge ausgerichtet werden. Das s\u00e4chsische Landesinvestitionsprogramm f\u00fcr den \u00d6PNV wird gegenw\u00e4rtig \u00fcberarbeitet und soll, vor allem mit Blick auf diese Rahmenbedingungen, neu ausgerichtet werden.&nbsp;<\/p>\n\n\n\n<div class=\"wp-block-columns is-layout-flex wp-container-core-columns-is-layout-9d6595d7 wp-block-columns-is-layout-flex\">\n<div class=\"wp-block-column is-layout-flow wp-block-column-is-layout-flow\">\n<figure class=\"wp-block-image size-large\"><img loading=\"lazy\" decoding=\"async\" width=\"1280\" height=\"853\" src=\"https:\/\/www.smwa.sachsen.de\/blog\/wp-content\/uploads\/2022\/11\/220809-DVB-Elektro-Busse_StS_InesFroehlich-5049-1280x853.jpg\" alt=\"\" class=\"wp-image-904\" srcset=\"https:\/\/www.smwa.sachsen.de\/blog\/wp-content\/uploads\/2022\/11\/220809-DVB-Elektro-Busse_StS_InesFroehlich-5049-1280x853.jpg 1280w, https:\/\/www.smwa.sachsen.de\/blog\/wp-content\/uploads\/2022\/11\/220809-DVB-Elektro-Busse_StS_InesFroehlich-5049-430x287.jpg 430w, https:\/\/www.smwa.sachsen.de\/blog\/wp-content\/uploads\/2022\/11\/220809-DVB-Elektro-Busse_StS_InesFroehlich-5049-768x512.jpg 768w, https:\/\/www.smwa.sachsen.de\/blog\/wp-content\/uploads\/2022\/11\/220809-DVB-Elektro-Busse_StS_InesFroehlich-5049-1536x1024.jpg 1536w, https:\/\/www.smwa.sachsen.de\/blog\/wp-content\/uploads\/2022\/11\/220809-DVB-Elektro-Busse_StS_InesFroehlich-5049-2048x1365.jpg 2048w\" sizes=\"auto, (max-width: 1280px) 100vw, 1280px\" \/><figcaption class=\"wp-element-caption\">Mit 2,8 Millionen Euro f\u00f6rdert das SWMA die Lade-Infrastruktur f\u00fcr E-Busse in Dresden<br>Bild: SMWA<\/figcaption><\/figure>\n<\/div>\n\n\n\n<div class=\"wp-block-column is-layout-flow wp-block-column-is-layout-flow\">\n<figure class=\"wp-block-image size-large\"><img loading=\"lazy\" decoding=\"async\" width=\"1280\" height=\"853\" src=\"https:\/\/www.smwa.sachsen.de\/blog\/wp-content\/uploads\/2022\/11\/220809-DVB-Elektro-Busse_StS_InesFroehlich-5180-1280x853.jpg\" alt=\"\" class=\"wp-image-905\" srcset=\"https:\/\/www.smwa.sachsen.de\/blog\/wp-content\/uploads\/2022\/11\/220809-DVB-Elektro-Busse_StS_InesFroehlich-5180-1280x853.jpg 1280w, https:\/\/www.smwa.sachsen.de\/blog\/wp-content\/uploads\/2022\/11\/220809-DVB-Elektro-Busse_StS_InesFroehlich-5180-430x287.jpg 430w, https:\/\/www.smwa.sachsen.de\/blog\/wp-content\/uploads\/2022\/11\/220809-DVB-Elektro-Busse_StS_InesFroehlich-5180-768x512.jpg 768w, https:\/\/www.smwa.sachsen.de\/blog\/wp-content\/uploads\/2022\/11\/220809-DVB-Elektro-Busse_StS_InesFroehlich-5180-1536x1024.jpg 1536w, https:\/\/www.smwa.sachsen.de\/blog\/wp-content\/uploads\/2022\/11\/220809-DVB-Elektro-Busse_StS_InesFroehlich-5180-2048x1365.jpg 2048w\" sizes=\"auto, (max-width: 1280px) 100vw, 1280px\" \/><figcaption class=\"wp-element-caption\">Bild: SMWA<\/figcaption><\/figure>\n<\/div>\n<\/div>\n\n\n\n<h2 class=\"wp-block-heading\"><strong>Alternative Antriebe im \u00d6PNV<\/strong><\/h2>\n\n\n\n<p>Elektromobilit\u00e4t ist ein wichtiger Baustein f\u00fcr einen sauberen, emissionsfreien \u00d6PNV. Je nach den \u00f6rtlichen Gegebenheiten k\u00f6nnen auch Wasserstoff oder Biomethan das Mittel der Wahl sein. Die drastischen Preissteigerungen bei Energietr\u00e4gern in den vergangenen Monaten belasten zwar derzeit die Branche in erheblichem Ma\u00dfe, tragen aber dennoch zu einem generellen Umdenken hin zu mehr \u00d6PNV bei. Auch die individuelle Mobilit\u00e4t hat sich erheblich verteuert. Eines ist klar: Die Verkehrswende gelingt nur als Mobilit\u00e4ts\u00ad und Energiewende. Institute, Universit\u00e4ten und Unternehmen t\u00fcfteln an der Optimierung von Wasserstofffahrzeugen und an modernen Versionen bisheriger fossiler Brennstoffe. So baut beispielsweise der Leipziger Hersteller Heiterblick gemeinsam mit den Chemnitzer Unternehmen H\u00f6rmann Vehicle Engineering und Flexiva Automation &amp; Robotik die erste Stra\u00dfenbahn mit einem Wasserstoff-Brennstoffzellen-Antrieb. Diese kann ihren Beitrag leisten, zuk\u00fcnftig in besonders sensiblen Bereichen Stra\u00dfenbahnstrecken ohne klassische Oberleitung zu erm\u00f6glichen \u2013 und dennoch emissionsfreie&nbsp;Mobilit\u00e4t zu erm\u00f6glichen.<\/p>\n\n\n\n<div class=\"wp-block-columns is-layout-flex wp-container-core-columns-is-layout-9d6595d7 wp-block-columns-is-layout-flex\">\n<div class=\"wp-block-column is-layout-flow wp-block-column-is-layout-flow\">\n<figure class=\"wp-block-image size-large\"><img loading=\"lazy\" decoding=\"async\" width=\"1280\" height=\"898\" src=\"https:\/\/www.smwa.sachsen.de\/blog\/wp-content\/uploads\/2022\/08\/2021-09-06_175718-1280x898.jpg\" alt=\"\" class=\"wp-image-438\" srcset=\"https:\/\/www.smwa.sachsen.de\/blog\/wp-content\/uploads\/2022\/08\/2021-09-06_175718-1280x898.jpg 1280w, https:\/\/www.smwa.sachsen.de\/blog\/wp-content\/uploads\/2022\/08\/2021-09-06_175718-430x302.jpg 430w, https:\/\/www.smwa.sachsen.de\/blog\/wp-content\/uploads\/2022\/08\/2021-09-06_175718-768x539.jpg 768w, https:\/\/www.smwa.sachsen.de\/blog\/wp-content\/uploads\/2022\/08\/2021-09-06_175718-1536x1077.jpg 1536w, https:\/\/www.smwa.sachsen.de\/blog\/wp-content\/uploads\/2022\/08\/2021-09-06_175718-2048x1436.jpg 2048w\" sizes=\"auto, (max-width: 1280px) 100vw, 1280px\" \/><figcaption class=\"wp-element-caption\">Bild: Ronald Bonss \/ SMWA<\/figcaption><\/figure>\n<\/div>\n\n\n\n<div class=\"wp-block-column is-layout-flow wp-block-column-is-layout-flow\">\n<blockquote class=\"wp-block-quote is-layout-flow wp-block-quote-is-layout-flow\">\n<p>\u00bbGemeinsam arbeiten wir auf ein Ziel hin: Die Mobilit\u00e4ts- und Energiewende m\u00fcssen ein Erfolg werden.\u00ab<\/p>\n<cite>Sachsens Verkehrsminister Martin Dulig<\/cite><\/blockquote>\n<\/div>\n<\/div>\n\n\n\n<p><strong>Weitere Informationen auf dem Mobilit\u00e4tsportal des SMWA: <\/strong><a href=\"https:\/\/www.mobilitaet.sachsen.de\/nahmobilitaet-3978.html\" target=\"_blank\" rel=\"noreferrer noopener\">https:\/\/www.mobilitaet.sachsen.de\/nahmobilitaet-3978.html <\/a><\/p>\n\n\n\n<p><strong>Weitere Informationen zur Kampagne \u00bbSachsen, steigt ein\u00ab:<\/strong><br> <a rel=\"noreferrer noopener\" href=\"http:\/\/www.smwa.sachsen.de\/sachsen-steigt-ein.html\" target=\"_blank\">www.smwa.sachsen.de\/sachsen-steigt-ein.html<\/a> <\/p>\n","protected":false},"excerpt":{"rendered":"<p>Sachsen sichert die Mobilit\u00e4t von morgen. Die Beschaffung und F\u00f6rderung sauberer Fahrzeuge f\u00fcr den \u00d6PNV sind dabei eine Daueraufgabe. Mehr denn je hat die Nutzung des \u00d6PNV in den vergangenen Monaten \u2013 verst\u00e4rkt durch das 9-Euro-Ticket \u2013 gezeigt, dass eine moderne und leistungsf\u00e4hige Verkehrsinfrastruktur ein entscheidender Faktor f\u00fcr die Lebensqualit\u00e4t und Attraktivit\u00e4t Sachsens als Wirtschafts- [&hellip;]<\/p>\n","protected":false},"author":3,"featured_media":908,"comment_status":"open","ping_status":"open","sticky":false,"template":"","format":"standard","meta":{"episode_type":"","audio_file":"","podmotor_file_id":"","podmotor_episode_id":"","cover_image":"","cover_image_id":"","duration":"","filesize":"","filesize_raw":"","date_recorded":"","explicit":"","block":"","footnotes":""},"categories":[1],"tags":[30,29,106,130],"class_list":["post-898","post","type-post","status-publish","format-standard","has-post-thumbnail","hentry","category-aktuelles","tag-bus","tag-oepnv","tag-sachsen","tag-strassenbahn"],"_links":{"self":[{"href":"https:\/\/www.smwa.sachsen.de\/blog\/wp-json\/wp\/v2\/posts\/898","targetHints":{"allow":["GET"]}}],"collection":[{"href":"https:\/\/www.smwa.sachsen.de\/blog\/wp-json\/wp\/v2\/posts"}],"about":[{"href":"https:\/\/www.smwa.sachsen.de\/blog\/wp-json\/wp\/v2\/types\/post"}],"author":[{"embeddable":true,"href":"https:\/\/www.smwa.sachsen.de\/blog\/wp-json\/wp\/v2\/users\/3"}],"replies":[{"embeddable":true,"href":"https:\/\/www.smwa.sachsen.de\/blog\/wp-json\/wp\/v2\/comments?post=898"}],"version-history":[{"count":4,"href":"https:\/\/www.smwa.sachsen.de\/blog\/wp-json\/wp\/v2\/posts\/898\/revisions"}],"predecessor-version":[{"id":956,"href":"https:\/\/www.smwa.sachsen.de\/blog\/wp-json\/wp\/v2\/posts\/898\/revisions\/956"}],"wp:featuredmedia":[{"embeddable":true,"href":"https:\/\/www.smwa.sachsen.de\/blog\/wp-json\/wp\/v2\/media\/908"}],"wp:attachment":[{"href":"https:\/\/www.smwa.sachsen.de\/blog\/wp-json\/wp\/v2\/media?parent=898"}],"wp:term":[{"taxonomy":"category","embeddable":true,"href":"https:\/\/www.smwa.sachsen.de\/blog\/wp-json\/wp\/v2\/categories?post=898"},{"taxonomy":"post_tag","embeddable":true,"href":"https:\/\/www.smwa.sachsen.de\/blog\/wp-json\/wp\/v2\/tags?post=898"}],"curies":[{"name":"wp","href":"https:\/\/api.w.org\/{rel}","templated":true}]}}