{"id":8115,"date":"2026-03-18T15:09:57","date_gmt":"2026-03-18T14:09:57","guid":{"rendered":"https:\/\/www.smwa.sachsen.de\/blog\/?p=8115"},"modified":"2026-03-18T15:09:57","modified_gmt":"2026-03-18T14:09:57","slug":"fachkrafteallianz-sachsen-mit-neuer-fuhrung","status":"publish","type":"post","link":"https:\/\/www.smwa.sachsen.de\/blog\/2026\/03\/18\/fachkrafteallianz-sachsen-mit-neuer-fuhrung\/","title":{"rendered":"Fachkr\u00e4fteallianz Sachsen mit neuer F\u00fchrung"},"content":{"rendered":"\n<p>Die Fachkr\u00e4fteallianz Sachsen hat in ihrer heutigen Sitzung (18. M\u00e4rz) eine neue Leitung gew\u00e4hlt. Nach Personalwechseln im S\u00e4chsischen Staatsministerium f\u00fcr Wirtschaft, Arbeit, Energie und Klimaschutz (SMWA) sowie beim Deutschen Gewerkschaftsbund (DGB) \u00fcbernimmt Staatssekret\u00e4r Sebastian Scheel den Vorsitz der Allianz. Neue stellvertretende Vorsitzende ist Daniela Kolbe, Bezirksvorsitzende des Deutschen Gewerkschaftsbundes (DGB). Im Amt bleibt als weitere Stellvertretung Matthias Matz, Hauptgesch\u00e4ftsf\u00fchrer der Vereinigung der S\u00e4chsischen Wirtschaft e.V. (VSW). Schirmherr bleibt Wirtschafts- und Arbeitsminister Dirk Panter.<\/p>\n\n\n\n<!--more-->\n\n\n\n<div class=\"wp-block-columns is-layout-flex wp-container-core-columns-is-layout-9d6595d7 wp-block-columns-is-layout-flex\">\n<div class=\"wp-block-column is-layout-flow wp-block-column-is-layout-flow\" style=\"flex-basis:33.33%\">\n<figure class=\"wp-block-image size-large\"><img loading=\"lazy\" decoding=\"async\" width=\"1280\" height=\"853\" src=\"https:\/\/www.smwa.sachsen.de\/blog\/wp-content\/uploads\/2025\/10\/2025-StS-AC-Sebastian-Scheel_Juergen-Loesel_2-1280x853.jpg\" alt=\"\" class=\"wp-image-7437\" srcset=\"https:\/\/www.smwa.sachsen.de\/blog\/wp-content\/uploads\/2025\/10\/2025-StS-AC-Sebastian-Scheel_Juergen-Loesel_2-1280x853.jpg 1280w, https:\/\/www.smwa.sachsen.de\/blog\/wp-content\/uploads\/2025\/10\/2025-StS-AC-Sebastian-Scheel_Juergen-Loesel_2-430x287.jpg 430w, https:\/\/www.smwa.sachsen.de\/blog\/wp-content\/uploads\/2025\/10\/2025-StS-AC-Sebastian-Scheel_Juergen-Loesel_2-768x512.jpg 768w, https:\/\/www.smwa.sachsen.de\/blog\/wp-content\/uploads\/2025\/10\/2025-StS-AC-Sebastian-Scheel_Juergen-Loesel_2-1536x1024.jpg 1536w, https:\/\/www.smwa.sachsen.de\/blog\/wp-content\/uploads\/2025\/10\/2025-StS-AC-Sebastian-Scheel_Juergen-Loesel_2-2048x1365.jpg 2048w\" sizes=\"auto, (max-width: 1280px) 100vw, 1280px\" \/><figcaption class=\"wp-element-caption\">Staatssekret\u00e4r Sebastian Scheel<\/figcaption><\/figure>\n<\/div>\n\n\n\n<div class=\"wp-block-column is-layout-flow wp-block-column-is-layout-flow\" style=\"flex-basis:66.66%\">\n<p>Staatssekret\u00e4r Scheel: \u00bbFachkr\u00e4fte sind die Basis f\u00fcr wirtschaftliches Wachstum und entscheidend, um unseren Wohlstand zu sichern. Wenn Wirtschaft, Sozialpartner, Politik und Verwaltung eng zusammenarbeiten, k\u00f6nnen wir die richtigen Antworten auf die demografische Entwicklung und die wirtschaftlichen Herausforderungen geben. Gerade in Zeiten wachsender Unsicherheiten und Krisen brauchen wir eine starke Sozialpartnerschaft. Die Fachkr\u00e4fteallianz bringt daf\u00fcr alle wichtigen Partner zusammen, um L\u00f6sungen zu entwickeln und sie umzusetzen.\u00ab<\/p>\n<\/div>\n<\/div>\n\n\n\n<p>DGB-Bezirksvorsitzende Daniela Kolbe: \u00bbDie Zukunft Sachsens steht und f\u00e4llt mit gut ausgebildeten Fachkr\u00e4ften in allen Bereichen. Ob in der Industrie, im Gesundheitswesen und der Pflege, der Bildung, dem Verkehr oder den Dienstleistungsbereichen \u2013 ohne gut qualifizierte und engagierte Fachkr\u00e4fte sieht es mau aus. Ich freue mich, im Vorstand der Fachkr\u00e4fteallianz mitzuwirken. Mein Anspruch ist, Sachsen f\u00fcr die Besch\u00e4ftigten von heute und die Besch\u00e4ftigten von morgen zukunftsfest aufzustellen. Dazu geh\u00f6ren gute und sichere Arbeitspl\u00e4tze, hochwertige Aus- und Weiterbildung und eine hohe soziale Sicherheit.\u00ab<\/p>\n\n\n\n<p><strong>Demografie und Transformation als zentrale Herausforderungen<\/strong><br><br>Die Folgen des demografischen Wandels werden immer sp\u00fcrbarer: Laut der 8. Regionalisierten Bev\u00f6lkerungsvorausberechnung des Statistischen Landesamtes wird die Zahl der Menschen im Erwerbsalter in Sachsen in den n\u00e4chsten zehn Jahren um durchschnittlich rund 15.000 pro Jahr sinken (mittlere Variante). Zugleich ver\u00e4ndern technologische Entwicklungen, geopolitische Umbr\u00fcche und Ver\u00e4nderungen im Welthandel die Arbeitswelt tiefgreifend. W\u00e4hrend die Gesamtnachfrage nach Arbeitskr\u00e4ften schwankt, bleiben viele Branchen weiterhin auf der Suche nach dringend ben\u00f6tigten Fachkr\u00e4ften.<\/p>\n\n\n\n<p>Angesichts dieser Herausforderungen arbeitet die Fachkr\u00e4fteallianz Sachsen an der Weiterentwicklung der Fachkr\u00e4ftestrategie des Freistaates. Gemeinsam mit Akteuren aus Wirtschaft, Arbeitsmarktpolitik und Verwaltung werden aktuelle Handlungsfelder identifiziert und Empfehlungen zur Fachkr\u00e4ftesicherung erarbeitet.<\/p>\n\n\n\n<p>Die Fachkr\u00e4fteallianz Sachsen besteht seit 2015 als Zusammenschluss von Wirtschafts- und Sozialpartnern sowie Politik und Verwaltung. Sie hat ma\u00dfgeblich an der Fachkr\u00e4ftestrategie Sachsen 2030 mitgewirkt und begleitet zahlreiche Ma\u00dfnahmen zur Sicherung und Entwicklung der Fachkr\u00e4ftebasis. Seit ihrer Neuausrichtung im September 2025 wird die Allianz von einem breiten Netzwerk s\u00e4chsischer Partner unterst\u00fctzt. Neben Staatsministerien wirken Kammern, Verb\u00e4nde, Gewerkschaften, kommunale Vertreter und die LIGA der freien Wohlfahrtspflege mit. Gemeinsam b\u00fcndeln sie Fachwissen und Erfahrung, um die Fachkr\u00e4ftesicherung in Sachsen zielgerichtet weiterzuentwickeln.<\/p>\n","protected":false},"excerpt":{"rendered":"<p>Die Fachkr\u00e4fteallianz Sachsen hat in ihrer heutigen Sitzung (18. M\u00e4rz) eine neue Leitung gew\u00e4hlt. Nach Personalwechseln im S\u00e4chsischen Staatsministerium f\u00fcr Wirtschaft, Arbeit, Energie und Klimaschutz (SMWA) sowie beim Deutschen Gewerkschaftsbund (DGB) \u00fcbernimmt Staatssekret\u00e4r Sebastian Scheel den Vorsitz der Allianz. Neue stellvertretende Vorsitzende ist Daniela Kolbe, Bezirksvorsitzende des Deutschen Gewerkschaftsbundes (DGB). Im Amt bleibt als weitere [&hellip;]<\/p>\n","protected":false},"author":11,"featured_media":8116,"comment_status":"open","ping_status":"","sticky":false,"template":"","format":"standard","meta":{"episode_type":"","audio_file":"","podmotor_file_id":"","podmotor_episode_id":"","cover_image":"","cover_image_id":"","duration":"","filesize":"","filesize_raw":"","date_recorded":"","explicit":"","block":"","footnotes":""},"categories":[1,3,141],"tags":[69,512,14],"class_list":["post-8115","post","type-post","status-publish","format-standard","has-post-thumbnail","hentry","category-aktuelles","category-arbeit","category-fachkraefte","tag-fachkraefte","tag-fachkraefte-allianz","tag-wirtschaft"],"_links":{"self":[{"href":"https:\/\/www.smwa.sachsen.de\/blog\/wp-json\/wp\/v2\/posts\/8115","targetHints":{"allow":["GET"]}}],"collection":[{"href":"https:\/\/www.smwa.sachsen.de\/blog\/wp-json\/wp\/v2\/posts"}],"about":[{"href":"https:\/\/www.smwa.sachsen.de\/blog\/wp-json\/wp\/v2\/types\/post"}],"author":[{"embeddable":true,"href":"https:\/\/www.smwa.sachsen.de\/blog\/wp-json\/wp\/v2\/users\/11"}],"replies":[{"embeddable":true,"href":"https:\/\/www.smwa.sachsen.de\/blog\/wp-json\/wp\/v2\/comments?post=8115"}],"version-history":[{"count":1,"href":"https:\/\/www.smwa.sachsen.de\/blog\/wp-json\/wp\/v2\/posts\/8115\/revisions"}],"predecessor-version":[{"id":8117,"href":"https:\/\/www.smwa.sachsen.de\/blog\/wp-json\/wp\/v2\/posts\/8115\/revisions\/8117"}],"wp:featuredmedia":[{"embeddable":true,"href":"https:\/\/www.smwa.sachsen.de\/blog\/wp-json\/wp\/v2\/media\/8116"}],"wp:attachment":[{"href":"https:\/\/www.smwa.sachsen.de\/blog\/wp-json\/wp\/v2\/media?parent=8115"}],"wp:term":[{"taxonomy":"category","embeddable":true,"href":"https:\/\/www.smwa.sachsen.de\/blog\/wp-json\/wp\/v2\/categories?post=8115"},{"taxonomy":"post_tag","embeddable":true,"href":"https:\/\/www.smwa.sachsen.de\/blog\/wp-json\/wp\/v2\/tags?post=8115"}],"curies":[{"name":"wp","href":"https:\/\/api.w.org\/{rel}","templated":true}]}}