{"id":8064,"date":"2026-03-10T15:04:45","date_gmt":"2026-03-10T14:04:45","guid":{"rendered":"https:\/\/www.smwa.sachsen.de\/blog\/?p=8064"},"modified":"2026-03-11T15:29:10","modified_gmt":"2026-03-11T14:29:10","slug":"europaeische-tage-des-kunsthandwerks-sachsen-ist-erneut-das-teilnehmerstaerkste-bundesland","status":"publish","type":"post","link":"https:\/\/www.smwa.sachsen.de\/blog\/2026\/03\/10\/europaeische-tage-des-kunsthandwerks-sachsen-ist-erneut-das-teilnehmerstaerkste-bundesland\/","title":{"rendered":"Europ\u00e4ische Tage des Kunsthandwerks: Sachsen ist erneut das teilnehmerst\u00e4rkste Bundesland"},"content":{"rendered":"\n<p>Rund 200 Betriebe laden vom 10. bis 12. April zum Zuschauen und Mitmachen live vor Ort ein. | Wirtschaftsminister Dirk Panter: \u00bbWer einen kreativen Ausbildungsplatz sucht, ist hier richtig.\u00ab<\/p>\n\n\n\n<!--more-->\n\n\n\n<hr class=\"wp-block-separator has-alpha-channel-opacity\"\/>\n\n\n\n<p><strong>Das Kunsthandwerk besitzt regionalwirtschaftlich eine hohe Bedeutung f\u00fcr Sachsen. \u00dcber 1.600 Unternehmen sowie 1.300 Kleinunternehmen mit insgesamt rund 10.800&nbsp;Besch\u00e4ftigten erwirtschaften einen Jahresumsatz von etwa 800&nbsp;Millionen Euro. Zu den <a href=\"https:\/\/kunsthandwerkstage.de\/sachsen\" target=\"_blank\" rel=\"noreferrer noopener\">12.&nbsp;Europ\u00e4ischen Tagen des Kunsthandwerks (ETAK)<\/a> werden vom 10. bis 12.&nbsp;April rund 200 Kreativschaffende ihre Ateliers, Werkst\u00e4tten, Studios und L\u00e4den f\u00fcr Besucherinnen und Besucher \u00f6ffnen. Die Bandbreite der pr\u00e4sentierten Objekte reicht von Schmuck und Mode \u00fcber Oster- und Weihnachtsdekoration bis hin zu Skulpturen und M\u00f6bel. Der Freistaat ist auch in diesem Jahr das teilnehmerst\u00e4rkste Bundesland.<\/strong><\/p>\n\n\n\n<figure class=\"wp-block-pullquote\"><blockquote><p>\u00bbUnser s\u00e4chsisches Kunsthandwerk steht f\u00fcr Kreativit\u00e4t, Perfektion, Flei\u00df und regionales Engagement.\u00ab<\/p><cite>Wirtschaftsminister Dirk Panter<\/cite><\/blockquote><\/figure>\n\n\n\n<p>Das s\u00e4chsische Wirtschaftsministerium (SMWA) unterst\u00fctzt seit Jahren die Handwerkskammern Chemnitz, Dresden und Leipzig bei der Durchf\u00fchrung der beliebten <a href=\"https:\/\/www.instagram.com\/kunsthandwerkstage.sachsen\/\" target=\"_blank\" rel=\"noreferrer noopener\">Kunsthandwerkstage<\/a>. <strong>Wirtschaftsminister Dirk Panter<\/strong> l\u00e4dt alle Interessierten ein, den Kunsthandwerkern \u00fcber die Schultern zu schauen und selbst kreativ zu werden. \u00bbUnser s\u00e4chsisches Kunsthandwerk steht f\u00fcr Kreativit\u00e4t, Perfektion, Flei\u00df und regionales Engagement. Es ruht sich nicht auf Bew\u00e4hrtem aus, sondern entwickelt Tradition weiter \u2013 stets mit dem Gesp\u00fcr f\u00fcr innovative, zeitgem\u00e4\u00dfe Ideen. Die Branche stiftet Identit\u00e4t und tr\u00e4gt zu einer positiven Wahrnehmung Sachsens bei\u00ab, sagt Panter und r\u00e4t: \u00bbBesonders allen Jugendlichen, die an einem kreativen Beruf interessiert sind, lege ich einen Besuch der Kunsthandwerkstage ans Herz. Die Chance, einen spannenden Ausbildungsberuf zu entdecken, mit Kunsthandwerkern ins Gespr\u00e4ch zu kommen und sich direkt auszuprobieren, ist nirgendwo so gro\u00df wie hier.\u00ab<\/p>\n\n\n\n<figure class=\"wp-block-image size-large\"><img loading=\"lazy\" decoding=\"async\" width=\"1280\" height=\"851\" src=\"https:\/\/www.smwa.sachsen.de\/blog\/wp-content\/uploads\/2026\/03\/rosemtara-hand-4313035_1920-1280x851.jpg\" alt=\"\" class=\"wp-image-8067\" srcset=\"https:\/\/www.smwa.sachsen.de\/blog\/wp-content\/uploads\/2026\/03\/rosemtara-hand-4313035_1920-1280x851.jpg 1280w, https:\/\/www.smwa.sachsen.de\/blog\/wp-content\/uploads\/2026\/03\/rosemtara-hand-4313035_1920-430x286.jpg 430w, https:\/\/www.smwa.sachsen.de\/blog\/wp-content\/uploads\/2026\/03\/rosemtara-hand-4313035_1920-768x511.jpg 768w, https:\/\/www.smwa.sachsen.de\/blog\/wp-content\/uploads\/2026\/03\/rosemtara-hand-4313035_1920-1536x1022.jpg 1536w, https:\/\/www.smwa.sachsen.de\/blog\/wp-content\/uploads\/2026\/03\/rosemtara-hand-4313035_1920.jpg 1920w\" sizes=\"auto, (max-width: 1280px) 100vw, 1280px\" \/><figcaption class=\"wp-element-caption\">Bildrechte: Pixabay<\/figcaption><\/figure>\n\n\n\n<p>Die Europ\u00e4ischen Tage des Kunsthandwerks finden j\u00e4hrlich im April in 24&nbsp;europ\u00e4ischen L\u00e4ndern statt. In Deutschland beteiligen sich in diesem Jahr zehn Bundesl\u00e4nder an dem langen Wochenende der offenen Werkst\u00e4tten: neben Sachsen auch Baden-W\u00fcrttemberg, Bayern, Berlin, Brandenburg, Hessen, Rheinland-Pfalz, Niedersachsen, Nordrhein-Westfalen und Th\u00fcringen.<\/p>\n\n\n\n<p>Im Vorjahr haben sich in Sachsen 210 Betriebe bei den Kunsthandwerkstagen pr\u00e4sentiert. Das machte fast ein Drittel aller Teilnehmenden bundesweit aus. Laut einer Umfrage haben zwei Drittel der teilnehmenden Betriebe etwas verkauft, Anfragen erhalten oder neue Kontakte gekn\u00fcpft.<\/p>\n\n\n\n<p><strong>Mehr Informationen und \u00dcbersicht die teilnehmenden s\u00e4chsischen Betriebe:<\/strong><\/p>\n\n\n\n<ul class=\"wp-block-list\">\n<li><a href=\"https:\/\/kunsthandwerkstage.de\/sachsen\" target=\"_blank\" rel=\"noreferrer noopener\">kunsthandwerkstage.de\/sachsen<\/a><\/li>\n\n\n\n<li><a href=\"https:\/\/www.instagram.com\/kunsthandwerkstage.sachsen\/\" target=\"_blank\" rel=\"noreferrer noopener\">Kreatives Handwerk in Sachsen (@kunsthandwerkstage.sachsen) \u2022 Instagram<\/a><\/li>\n<\/ul>\n\n\n\n<p>Die Kultur- und Kreativwirtschaft ist eine f\u00fcr Sachsen wichtige Branche. Sie umfasst zw\u00f6lf Teilm\u00e4rkte \u2013 von Architektur und Design \u00fcber Kunsthandwerk und Musikwirtschaft bis Presse, Software\/Games und Werbung. 2023 arbeiteten insgesamt rund 81.000 Menschen in etwa 9.800 Unternehmen sowie 16.000 Kleinunternehmen. Mit einem Umsatz von 4,78\u202fMilliarden\u202fEuro erzielt die Branche rund zwei\u202fProzent des Gesamtumsatzes aller s\u00e4chsischen Unternehmen \u2013 knapp hinter dem Maschinenbau und deutlich vor Gastgewerbe und Fahrzeugbau. Typisch sind kleinteilige Strukturen und ein hoher Anteil an Selbstst\u00e4ndigen (rund 25.500 Personen, davon 21.000 solo-selbstst\u00e4ndig).<\/p>\n","protected":false},"excerpt":{"rendered":"<p>Rund 200 Betriebe laden vom 10. bis 12. April zum Zuschauen und Mitmachen live vor Ort ein. | Wirtschaftsminister Dirk Panter: \u00bbWer einen kreativen Ausbildungsplatz sucht, ist hier richtig.\u00ab<\/p>\n","protected":false},"author":9,"featured_media":8075,"comment_status":"open","ping_status":"","sticky":false,"template":"","format":"standard","meta":{"episode_type":"","audio_file":"","podmotor_file_id":"","podmotor_episode_id":"","cover_image":"","cover_image_id":"","duration":"","filesize":"","filesize_raw":"","date_recorded":"","explicit":"","block":"","footnotes":""},"categories":[192,6],"tags":[44,470,541,69,119,113,540],"class_list":["post-8064","post","type-post","status-publish","format-standard","has-post-thumbnail","hentry","category-handwerk","category-wirtschaft","tag-arbeit","tag-dirk-panter","tag-etak","tag-fachkraefte","tag-innovation","tag-kunsthandwerk","tag-kunsthandwerkstage"],"_links":{"self":[{"href":"https:\/\/www.smwa.sachsen.de\/blog\/wp-json\/wp\/v2\/posts\/8064","targetHints":{"allow":["GET"]}}],"collection":[{"href":"https:\/\/www.smwa.sachsen.de\/blog\/wp-json\/wp\/v2\/posts"}],"about":[{"href":"https:\/\/www.smwa.sachsen.de\/blog\/wp-json\/wp\/v2\/types\/post"}],"author":[{"embeddable":true,"href":"https:\/\/www.smwa.sachsen.de\/blog\/wp-json\/wp\/v2\/users\/9"}],"replies":[{"embeddable":true,"href":"https:\/\/www.smwa.sachsen.de\/blog\/wp-json\/wp\/v2\/comments?post=8064"}],"version-history":[{"count":7,"href":"https:\/\/www.smwa.sachsen.de\/blog\/wp-json\/wp\/v2\/posts\/8064\/revisions"}],"predecessor-version":[{"id":8074,"href":"https:\/\/www.smwa.sachsen.de\/blog\/wp-json\/wp\/v2\/posts\/8064\/revisions\/8074"}],"wp:featuredmedia":[{"embeddable":true,"href":"https:\/\/www.smwa.sachsen.de\/blog\/wp-json\/wp\/v2\/media\/8075"}],"wp:attachment":[{"href":"https:\/\/www.smwa.sachsen.de\/blog\/wp-json\/wp\/v2\/media?parent=8064"}],"wp:term":[{"taxonomy":"category","embeddable":true,"href":"https:\/\/www.smwa.sachsen.de\/blog\/wp-json\/wp\/v2\/categories?post=8064"},{"taxonomy":"post_tag","embeddable":true,"href":"https:\/\/www.smwa.sachsen.de\/blog\/wp-json\/wp\/v2\/tags?post=8064"}],"curies":[{"name":"wp","href":"https:\/\/api.w.org\/{rel}","templated":true}]}}