{"id":8054,"date":"2026-03-09T15:23:18","date_gmt":"2026-03-09T14:23:18","guid":{"rendered":"https:\/\/www.smwa.sachsen.de\/blog\/?p=8054"},"modified":"2026-03-20T15:48:29","modified_gmt":"2026-03-20T14:48:29","slug":"vive-la-cooperation-franco-saxonne-sachsens-wirtschaftsminister-dirk-panter-besucht-frankreich","status":"publish","type":"post","link":"https:\/\/www.smwa.sachsen.de\/blog\/2026\/03\/09\/vive-la-cooperation-franco-saxonne-sachsens-wirtschaftsminister-dirk-panter-besucht-frankreich\/","title":{"rendered":"Vive la coop\u00e9ration franco-saxonne! Sachsens Wirtschaftsminister Dirk Panter besucht Frankreich"},"content":{"rendered":"\n<p>Sachsen und Frankreich haben ihre wirtschaftlichen Beziehungen in den Bereichen Mikroelektronik, Verbundwerkstoffe, Lebenswissenschaften (\u00bbLife Sciences\u00ab) und Erneuerbare Energien ausgebaut. Wirtschaftsminister Dirk Panter beendete heute seine f\u00fcnft\u00e4gige Reise nach Paris, Grenoble und Montpellier, wo er von einer Fachdelegation begleitet worden ist. Es war der erste Besuch eines s\u00e4chsischen Wirtschaftsministers in Frankreich seit 2012. Die Reise wurde vom Wirtschaftsministerium (SMWA) gemeinsam mit der Wirtschaftsf\u00f6rderung Sachsen GmbH (WFS) organisiert.<\/p>\n\n\n\n<!--more-->\n\n\n\n<p>Minister Panter sieht die aktuellen geopolitischen Entwicklungen \u2013 Protektionismus, steigende Energiepreise, st\u00e4rkere wirtschaftliche Blockbildung \u2013 als \u00bbWeckruf\u00ab. Europa sei derzeit zu stark von Asien und den USA abh\u00e4ngig \u2013 etwa bei der Produktion von Mikrochips. \u00bbWir k\u00f6nnen uns nicht mehr darauf verlassen, dass globale Lieferketten dauerhaft stabil funktionieren\u00ab, betonte Panter im Halbleiter-Hotspot\u00a0<strong>Grenoble\u00a0<\/strong>(Region Auvergne-Rh\u00f4ne-Alpes), wo die Reise startete.<\/p>\n\n\n\n<p>Deshalb m\u00fcsse Europa seine St\u00e4rken in Zukunftstechnologien b\u00fcndeln. Panter weiter: \u00bbNur gemeinsam bestehen wir im globalen Wettbewerb und bleiben konkurrenzf\u00e4hig. Unser Ziel muss es sein, gemeinsam mit anderen europ\u00e4ischen Regionen eine m\u00f6glichst vollst\u00e4ndige Halbleiter-Wertsch\u00f6pfung in der EU aufzubauen. Dabei geht es jedoch nicht um vollst\u00e4ndige Autarkie, sondern um mehr technologische Souver\u00e4nit\u00e4t und Resilienz.\u00ab<\/p>\n\n\n\n<figure class=\"wp-block-image size-full\"><img loading=\"lazy\" decoding=\"async\" width=\"1280\" height=\"960\" src=\"https:\/\/www.smwa.sachsen.de\/blog\/wp-content\/uploads\/2026\/03\/5294060527271220705.jpg\" alt=\"\" class=\"wp-image-8057\" srcset=\"https:\/\/www.smwa.sachsen.de\/blog\/wp-content\/uploads\/2026\/03\/5294060527271220705.jpg 1280w, https:\/\/www.smwa.sachsen.de\/blog\/wp-content\/uploads\/2026\/03\/5294060527271220705-430x323.jpg 430w, https:\/\/www.smwa.sachsen.de\/blog\/wp-content\/uploads\/2026\/03\/5294060527271220705-768x576.jpg 768w\" sizes=\"auto, (max-width: 1280px) 100vw, 1280px\" \/><figcaption class=\"wp-element-caption\">Die S\u00e4chsische Delegation um Wirtschaftsminister Dirk Panter. <\/figcaption><\/figure>\n\n\n\n<p>Grenoble gilt als Zentrum f\u00fcr Halbleiter, KI, Quantenforschung und nachhaltige Energiel\u00f6sungen und zieht dadurch sowohl internationale Unternehmen als auch hochqualifizierte Fachkr\u00e4fte an. Die Region ist international sehr gut vernetzt und pflegt bereits enge Beziehungen nach Taiwan, S\u00fcdkorea, Kanada und in die USA. Dirk Panter besuchte mit der s\u00e4chsischen Delegation (u.a. GlobalFoundries, Teksend Photomask, Fraunhofer IZM-ASSID) das Netzwerk Minalogic, das KI-Institut MIAI, den Inkubator Linksium, das Forschungsinstitut CEA-Leti und den Halbleiterzulieferer Soitec.<\/p>\n\n\n\n<p>I<strong>Minalogic<\/strong>\u00a0umspannt ein \u00d6kosystem von 450 Mitgliedern, darunter \u00fcber 380\u00a0innovative Unternehmen, die die gesamte Wertsch\u00f6pfungskette der digitalen Technologien abdecken.\u00a0<strong>MIAI<\/strong>\u00a0(Multiple Multidisciplinary Institut in Artificial Intelligence) hat das Ziel, Spitzenforschung im Bereich der K\u00fcnstlichen Intelligenz zu betreiben und in die Wirtschaft zu transformieren.\u00a0<strong>Linksium<\/strong>\u00a0unterst\u00fctzt Startups bei der Kommerzialisierung innovativer Technologien, die aus Forschungsprojekten entstehen, insbesondere in den Bereichen Energie, Gesundheit, Digitalisierung und Umwelt.\u00a0<strong>Soitec<\/strong>\u00a0stellt f\u00fcr Halbleiterunternehmen Spezialwafer vom Typ \u00bbSilicon-on-Insulator\u00ab (SOI) in industriellen Mengen her. Das\u00a0<strong>CEA-Leti<\/strong>\u00a0gilt als Vorreiter bei Innovationen im Bereich der Mikro- und Nanotechnologien, und viele Unternehmen der Region begannen als dessen Ausgr\u00fcndung.<\/p>\n\n\n\n<p>Am Mittwoch machte sich Wirtschaftsminister Dirk Panter in Paris ein Bild vom 34.000\u00a0Quadratmeter gro\u00dfen\u00a0<strong>Gr\u00fcnderzentrum \u00bbStation F\u00ab<\/strong>. Der 2017 er\u00f6ffnete Inkubator befindet sich in einer umgebauten G\u00fcterumschlagshalle (\u00bbHalle Freyssinet\u00ab) und gilt als gr\u00f6\u00dfter Startup-Campus der Welt. Er hat seit der Er\u00f6ffnung 8.000 Startups begleitet und bietet Gr\u00fcndern rund 30 internationale Unterst\u00fctzungs- und Beschleunigungsprogramme. Die Station F kann eine Vorbildwirkung f\u00fcr die Neuausrichtung der Gl\u00e4sernen Manufaktur in Dresden hin zu einem Innovationscampus haben (<a href=\"http:\/\/www.stationf.co\/\" target=\"_blank\" rel=\"noreferrer noopener\">www.stationf.co<\/a>).<\/p>\n\n\n\n<div class=\"wp-block-columns is-layout-flex wp-container-core-columns-is-layout-9d6595d7 wp-block-columns-is-layout-flex\">\n<div class=\"wp-block-column is-layout-flow wp-block-column-is-layout-flow\">\n<figure class=\"wp-block-image size-full\"><img decoding=\"async\" src=\"https:\/\/www.smwa.sachsen.de\/blog\/wp-content\/uploads\/2026\/03\/IMG_0540-Kopie.jpg\" alt=\"\" class=\"wp-image-8088\"\/><figcaption class=\"wp-element-caption\">Sachsens Wirtschaftsminister Dirk Panter im Gespr\u00e4ch mit dem Deutschen Botschafter in Frankreich, Stephan Steinlein<\/figcaption><\/figure>\n<\/div>\n\n\n\n<div class=\"wp-block-column is-layout-flow wp-block-column-is-layout-flow\">\n<figure class=\"wp-block-image size-full\"><img decoding=\"async\" src=\"https:\/\/www.smwa.sachsen.de\/blog\/wp-content\/uploads\/2026\/03\/IMG_0575-Kopie.jpg\" alt=\"\" class=\"wp-image-8089\"\/><figcaption class=\"wp-element-caption\">Station F in Paris<\/figcaption><\/figure>\n<\/div>\n<\/div>\n\n\n\n<p>Panter: \u00bbStation F ist ein faszinierendes Startup-Hub. Solche Hubs wurden einst in Paris und werden auch bei uns oft noch bel\u00e4chelt. Hier in Paris sind in den vergangenen Jahren bereits vier Einh\u00f6rner gewachsen, also Unternehmen, die \u00fcber eine Milliarde Euro wert sind. Hunderte andere Gr\u00fcndungen sind bereits erfolgreich am Markt. Es ist beeindruckend, wie das \u00d6ko-System hier funktioniert \u2013 zwischen Bereitstellung von Fl\u00e4chen, Beratung zur Finanzierung und rechtlichen Fragen \u2013 und auch zu beobachten, wie die Gr\u00fcnder untereinander interagieren. Solche Hubs k\u00f6nnen die wirtschaftliche Entwicklung definitiv vorantreiben und befruchten \u2013 gerade in den neuen Bereichen wie KI.\u00ab\u00a0<\/p>\n\n\n\n<p>Anschlie\u00dfend besuchte Minister Panter die s\u00e4chsischen Aussteller auf der Fachmesse&nbsp;<strong>JEC World<\/strong>&nbsp;\u2013 die wichtigste internationale Plattform f\u00fcr L\u00f6sungen und Kompetenzen rund um Verbundwerkstoffe. Die WFS verzeichnete an ihrem SACHSEN!-Gemeinschaftsstand in Paris eine erneute Rekordbeteiligung. Dort pr\u00e4sentierten sich 23&nbsp;Unternehmen und Institute aus Chemnitz, Dresden, Freiberg, Glauchau, Gro\u00dfr\u00f6hrsdorf, Hohenstein-Ernstthal, Klipphausen, Nossen und Wilthen.&nbsp;Panter: \u00bbSachsen hat unglaublich viel zu bieten, was auf der Welt nachgefragt ist. Gerade im Bereich Carbon haben wir viele Kompetenzen und zeigen, was alles in Zukunft m\u00f6glich ist. Auch die politischen Gespr\u00e4che in der Botschaft waren wichtig. Uns wurde best\u00e4tigt, dass wir auf dem richtigen Weg sind. Denn viele andere Bundesl\u00e4nder setzen meist nur auf Paris. Wir sind aber auch in den Regionen unterwegs, um mit Partnern zusammenzuarbeiten und neue Verb\u00fcndete zu suchen. Denn der Schulterschluss mit Frankreich ist nicht nur f\u00fcr Sachsen wichtig, sondern es ist f\u00fcr uns Europ\u00e4er alle gut und wichtig, dass wir untereinander zusammenarbeiten und gemeinsam daf\u00fcr sorgen, dass wir international nicht ins Hintertreffen geraten.\u00ab<\/p>\n\n\n\n<div class=\"wp-block-columns is-layout-flex wp-container-core-columns-is-layout-9d6595d7 wp-block-columns-is-layout-flex\">\n<div class=\"wp-block-column is-layout-flow wp-block-column-is-layout-flow\">\n<figure class=\"wp-block-image size-full\"><img decoding=\"async\" src=\"https:\/\/www.smwa.sachsen.de\/blog\/wp-content\/uploads\/2026\/03\/IMG_0733-Kopie.jpg\" alt=\"\" class=\"wp-image-8090\"\/><\/figure>\n<\/div>\n\n\n\n<div class=\"wp-block-column is-layout-flow wp-block-column-is-layout-flow\">\n<figure class=\"wp-block-image size-large\"><img loading=\"lazy\" decoding=\"async\" width=\"1280\" height=\"960\" src=\"https:\/\/www.smwa.sachsen.de\/blog\/wp-content\/uploads\/2026\/03\/IMG_0776-Kopie-1280x960.jpg\" alt=\"\" class=\"wp-image-8091\" srcset=\"https:\/\/www.smwa.sachsen.de\/blog\/wp-content\/uploads\/2026\/03\/IMG_0776-Kopie-1280x960.jpg 1280w, https:\/\/www.smwa.sachsen.de\/blog\/wp-content\/uploads\/2026\/03\/IMG_0776-Kopie-430x323.jpg 430w, https:\/\/www.smwa.sachsen.de\/blog\/wp-content\/uploads\/2026\/03\/IMG_0776-Kopie-768x576.jpg 768w, https:\/\/www.smwa.sachsen.de\/blog\/wp-content\/uploads\/2026\/03\/IMG_0776-Kopie-1536x1152.jpg 1536w, https:\/\/www.smwa.sachsen.de\/blog\/wp-content\/uploads\/2026\/03\/IMG_0776-Kopie-2048x1536.jpg 2048w\" sizes=\"auto, (max-width: 1280px) 100vw, 1280px\" \/><\/figure>\n<\/div>\n<\/div>\n\n\n\n<p>Am Donnerstag und Freitag standen in Okzitanien weitere politische Gespr\u00e4che, Netzwerktreffen mit Wirtschaftsvertretern und Unternehmensbesuche auf dem Programm. Diese Region in S\u00fcdfrankreich pflegt seit l\u00e4ngerer Zeit wirtschaftliche und kulturelle Kontakte mit Sachsen. In Lattes besichtigte Wirtschaftsminister Dirk Panter das\u00a0<strong>\u00bbO3C Zentrum Montpellier\u00ab<\/strong>\u00a0(Centre Op\u00e9rationnel de Conduite Coupl\u00e9) \u2013 eine Einrichtung des Energiekonzerns TotalEnergies Renouvelables, die als \u00bbKontrollturm\u00ab f\u00fcr erneuerbare Energien dient. Das Zentrum \u00fcberwacht und steuert aus der Ferne rund 650 Anlagen, darunter Wind-, Solar- und Wasserkraftwerke in Frankreich und seine \u00dcberseegebiete.\u00a0\u00a0<\/p>\n\n\n\n<p>Dar\u00fcber hinaus informierte sich die s\u00e4chsische Delegation beim Life Sciences-Unternehmen\u00a0<strong>MB Therapeutics SAS<\/strong>\u00a0in Montpellier \u00fcber den 3D-Druck von Medikamenten auf Abruf (\u00bbon-demand\u00ab), beim Anlagenhersteller\u00a0<strong>Genvia<\/strong>\u00a0in B\u00e9ziers \u00fcber den Bau einer Produktionsst\u00e4tte f\u00fcr Elektrolyseure, beim Elektrotechnik-Spezialisten\u00a0<strong>DeltaNov<\/strong>\u00a0in B\u00e9ziers \u00fcber innovative L\u00f6sungen f\u00fcr die industrielle Automatisierung sowie beim Unternehmen\u00a0<strong>Instadrone<\/strong>\u00a0in Villeneuve-l\u00e8s-B\u00e9ziers \u00fcber den Einsatz von Flug-, Land-, Wasser- und Unterwasserdrohnen.<\/p>\n\n\n\n<div class=\"wp-block-columns is-layout-flex wp-container-core-columns-is-layout-9d6595d7 wp-block-columns-is-layout-flex\">\n<div class=\"wp-block-column is-layout-flow wp-block-column-is-layout-flow\">\n<figure class=\"wp-block-image size-full\"><img decoding=\"async\" src=\"https:\/\/www.smwa.sachsen.de\/blog\/wp-content\/uploads\/2026\/03\/IMG_0946-Kopie.jpg\" alt=\"\" class=\"wp-image-8086\"\/><\/figure>\n<\/div>\n\n\n\n<div class=\"wp-block-column is-layout-flow wp-block-column-is-layout-flow\">\n<figure class=\"wp-block-image size-full\"><img decoding=\"async\" src=\"https:\/\/www.smwa.sachsen.de\/blog\/wp-content\/uploads\/2026\/03\/IMG_0968-Kopie.jpg\" alt=\"\" class=\"wp-image-8085\"\/><\/figure>\n<\/div>\n<\/div>\n\n\n\n<p>Abschlie\u00dfend zieht Sachsens Wirtschaftsminister Dirk Panter ein positives Fazit: \u00bbBilanzierend kann man feststellen:\u00a0Wir arbeiten bereits hervorragend mit Frankreich zusammen. Doch es ist immer Luft nach oben. Unsere Partner in Grenoble, Montpellier oder Frankreich wissen genauso gut wie wir, wie wichtig gerade in der heutigen Zeit enge Kooperationen und direkte, vertrauensvolle Zusammenarbeit sind. Wir m\u00fcssen der erratischen Wirtschaftspolitik aus Amerika und den unfairen, staatlich getriebenen Subventionen aus Asien etwas entgegensetzen, um k\u00fcnftig unseren Wohlstand bewahren und weiter ausbauen zu k\u00f6nnen. Dies geht nur gemeinsam. Und am besten mit Freunden in der Europ\u00e4ischen Union.\u00ab<\/p>\n\n\n\n<h2 class=\"wp-block-heading\"><strong>Au\u00dfenhandelsstatistik Sachsen \u2013 Frankreich<\/strong><\/h2>\n\n\n\n<p>2024 lieferten s\u00e4chsische Unternehmen Waren im Wert von rund 2,7 Milliarden Euro nach Frankreich. Dies war der h\u00f6chste Wert seit mindestens 15 Jahren. Damit belegte das Nachbarland im L\u00e4nder-Ranking den sechsten Platz. Die Exporte umfassten haupts\u00e4chlich Erzeugnisse des Kraftfahrzeugbaus, Maschinenbaus, der Elektrotechnik sowie Luftfahrzeuge und Waren aus Kunststoffen. 2025 setzte sich diese positive Entwicklung fort: Nach dem dritten Quartal lagen Sachsens Exporte nach Frankreich 13 Prozent \u00fcber dem Vorjahresniveau.<\/p>\n\n\n\n<div class=\"wp-block-columns is-layout-flex wp-container-core-columns-is-layout-9d6595d7 wp-block-columns-is-layout-flex\">\n<div class=\"wp-block-column is-layout-flow wp-block-column-is-layout-flow\">\n<figure class=\"wp-block-image size-full\"><img loading=\"lazy\" decoding=\"async\" width=\"1280\" height=\"960\" src=\"https:\/\/www.smwa.sachsen.de\/blog\/wp-content\/uploads\/2026\/03\/5294060527271220704.jpg\" alt=\"\" class=\"wp-image-8058\" srcset=\"https:\/\/www.smwa.sachsen.de\/blog\/wp-content\/uploads\/2026\/03\/5294060527271220704.jpg 1280w, https:\/\/www.smwa.sachsen.de\/blog\/wp-content\/uploads\/2026\/03\/5294060527271220704-430x323.jpg 430w, https:\/\/www.smwa.sachsen.de\/blog\/wp-content\/uploads\/2026\/03\/5294060527271220704-768x576.jpg 768w\" sizes=\"auto, (max-width: 1280px) 100vw, 1280px\" \/><\/figure>\n<\/div>\n\n\n\n<div class=\"wp-block-column is-layout-flow wp-block-column-is-layout-flow\">\n<figure class=\"wp-block-image size-full\"><img loading=\"lazy\" decoding=\"async\" width=\"1280\" height=\"960\" src=\"https:\/\/www.smwa.sachsen.de\/blog\/wp-content\/uploads\/2026\/03\/5294060527271220699.jpg\" alt=\"\" class=\"wp-image-8060\" srcset=\"https:\/\/www.smwa.sachsen.de\/blog\/wp-content\/uploads\/2026\/03\/5294060527271220699.jpg 1280w, https:\/\/www.smwa.sachsen.de\/blog\/wp-content\/uploads\/2026\/03\/5294060527271220699-430x323.jpg 430w, https:\/\/www.smwa.sachsen.de\/blog\/wp-content\/uploads\/2026\/03\/5294060527271220699-768x576.jpg 768w\" sizes=\"auto, (max-width: 1280px) 100vw, 1280px\" \/><\/figure>\n<\/div>\n<\/div>\n\n\n\n<figure class=\"wp-block-image size-full\"><img loading=\"lazy\" decoding=\"async\" width=\"1280\" height=\"960\" src=\"https:\/\/www.smwa.sachsen.de\/blog\/wp-content\/uploads\/2026\/03\/5294060527271220711.jpg\" alt=\"\" class=\"wp-image-8056\" srcset=\"https:\/\/www.smwa.sachsen.de\/blog\/wp-content\/uploads\/2026\/03\/5294060527271220711.jpg 1280w, https:\/\/www.smwa.sachsen.de\/blog\/wp-content\/uploads\/2026\/03\/5294060527271220711-430x323.jpg 430w, https:\/\/www.smwa.sachsen.de\/blog\/wp-content\/uploads\/2026\/03\/5294060527271220711-768x576.jpg 768w\" sizes=\"auto, (max-width: 1280px) 100vw, 1280px\" \/><figcaption class=\"wp-element-caption\">Aussicht auf Grenoble in der franz\u00f6sischen Alpen.<\/figcaption><\/figure>\n\n\n\n<p><\/p>\n","protected":false},"excerpt":{"rendered":"<p>Sachsen und Frankreich haben ihre wirtschaftlichen Beziehungen in den Bereichen Mikroelektronik, Verbundwerkstoffe, Lebenswissenschaften (\u00bbLife Sciences\u00ab) und Erneuerbare Energien ausgebaut. Wirtschaftsminister Dirk Panter beendete heute seine f\u00fcnft\u00e4gige Reise nach Paris, Grenoble und Montpellier, wo er von einer Fachdelegation begleitet worden ist. Es war der erste Besuch eines s\u00e4chsischen Wirtschaftsministers in Frankreich seit 2012. Die Reise wurde [&hellip;]<\/p>\n","protected":false},"author":9,"featured_media":8091,"comment_status":"open","ping_status":"closed","sticky":false,"template":"","format":"standard","meta":{"episode_type":"","audio_file":"","podmotor_file_id":"","podmotor_episode_id":"","cover_image":"","cover_image_id":"","duration":"","filesize":"","filesize_raw":"","date_recorded":"","explicit":"","block":"","footnotes":""},"categories":[1,23,60,6,51],"tags":[209,470,538,118,253,14,399,93],"class_list":["post-8054","post","type-post","status-publish","format-standard","has-post-thumbnail","hentry","category-aktuelles","category-auslandreisen","category-international","category-wirtschaft","category-wissenswertes","tag-auslandreise","tag-dirk-panter","tag-frankreich","tag-internationale-zusammenarbeit","tag-internationalisierung","tag-wirtschaft","tag-wirtschaftsfoerderung-sachsen","tag-wirtschaftsreise"],"_links":{"self":[{"href":"https:\/\/www.smwa.sachsen.de\/blog\/wp-json\/wp\/v2\/posts\/8054","targetHints":{"allow":["GET"]}}],"collection":[{"href":"https:\/\/www.smwa.sachsen.de\/blog\/wp-json\/wp\/v2\/posts"}],"about":[{"href":"https:\/\/www.smwa.sachsen.de\/blog\/wp-json\/wp\/v2\/types\/post"}],"author":[{"embeddable":true,"href":"https:\/\/www.smwa.sachsen.de\/blog\/wp-json\/wp\/v2\/users\/9"}],"replies":[{"embeddable":true,"href":"https:\/\/www.smwa.sachsen.de\/blog\/wp-json\/wp\/v2\/comments?post=8054"}],"version-history":[{"count":3,"href":"https:\/\/www.smwa.sachsen.de\/blog\/wp-json\/wp\/v2\/posts\/8054\/revisions"}],"predecessor-version":[{"id":8092,"href":"https:\/\/www.smwa.sachsen.de\/blog\/wp-json\/wp\/v2\/posts\/8054\/revisions\/8092"}],"wp:featuredmedia":[{"embeddable":true,"href":"https:\/\/www.smwa.sachsen.de\/blog\/wp-json\/wp\/v2\/media\/8091"}],"wp:attachment":[{"href":"https:\/\/www.smwa.sachsen.de\/blog\/wp-json\/wp\/v2\/media?parent=8054"}],"wp:term":[{"taxonomy":"category","embeddable":true,"href":"https:\/\/www.smwa.sachsen.de\/blog\/wp-json\/wp\/v2\/categories?post=8054"},{"taxonomy":"post_tag","embeddable":true,"href":"https:\/\/www.smwa.sachsen.de\/blog\/wp-json\/wp\/v2\/tags?post=8054"}],"curies":[{"name":"wp","href":"https:\/\/api.w.org\/{rel}","templated":true}]}}