{"id":8031,"date":"2026-03-04T13:41:24","date_gmt":"2026-03-04T12:41:24","guid":{"rendered":"https:\/\/www.smwa.sachsen.de\/blog\/?p=8031"},"modified":"2026-03-04T14:59:47","modified_gmt":"2026-03-04T13:59:47","slug":"cooler-kern-statt-grauer-stein-sachsen-sucht-die-besten-konzepte-zur-belebung-der-innenstaedte","status":"publish","type":"post","link":"https:\/\/www.smwa.sachsen.de\/blog\/2026\/03\/04\/cooler-kern-statt-grauer-stein-sachsen-sucht-die-besten-konzepte-zur-belebung-der-innenstaedte\/","title":{"rendered":"\u00bbCooler Kern statt grauer Stein\u00ab: Sachsen sucht die besten Konzepte zur Belebung der Innenst\u00e4dte"},"content":{"rendered":"\n<p>Nach der Rekordbeteiligung im vergangenen Jahr (61 Projekte aus 53 Kommunen) ist am 4. M\u00e4rz 2026 der bereits 23. Innenstadtwettbewerb \u00bbAb in die Mitte! Die City-Offensive Sachsen\u00ab gestartet. Der Freistaat stellt daf\u00fcr auch in diesem Jahr mehr als 300.000 Euro f\u00fcr die Preisgelder bereit. Die Schirmherrschaft, die j\u00e4hrlich zwischen den Staatsministerien f\u00fcr Wirtschaft, Arbeit, Energie und Klimaschutz (SMWA) und Infrastruktur und Landesentwicklung (SMIL) wechselt, liegt in diesem Jahr beim SMWA.<\/p>\n\n\n\n<!--more-->\n\n\n\n<p>Der <a href=\"http:\/\/www.abindiemitte-sachsen.de\" target=\"_blank\" rel=\"noreferrer noopener\">Wettbewerb \u00bbAb in die Mitte! Die City-Offensive Sachsen\u00ab<\/a> ist im Freistaat ein erfolgreiches Instrument zur kreativen und nachhaltigen Innenstadtbelebung. \u00dcber 150 s\u00e4chsische Kommunen mit mehr als 700 Projekten haben sich bisher an der City-Offensive beteiligt. Bei dem 2004 ins Leben gerufenen Wettbewerb handelt es sich um eine \u00bbPublic Private Partnership\u00ab \u2013 eine von der privaten Wirtschaft (Industrie- und Handelskammern und weitere Sponsoren) gemeinsam mit dem Freistaat Sachsen getragene Initiative. Alle Kosten, die \u00fcber die Preisgelder hinausgehen, tr\u00e4gt die Wirtschaft.<\/p>\n\n\n\n<figure class=\"wp-block-pullquote\"><blockquote><p>\u00bbDie Rekordbeteiligung im Jahr 2025 hat uns gezeigt, dass die Innenstadtbelebung in den s\u00e4chsischen Kommunen eine hohe Priorit\u00e4t besitzt und viel Kreativit\u00e4t freisetzt. Wir freuen uns nun auf neue vielversprechende Konzepte aus allen Regionen Sachsens.\u00ab<\/p><cite>Sachsens Wirtschaftsminister Dirk Panter<\/cite><\/blockquote><\/figure>\n\n\n\n<p>Der s\u00e4chsische Wirtschaftsminister Dirk Panter hat den diesj\u00e4hrigen Wettbewerb in Aue-Bad Schlema (Erzgebirgskreis) er\u00f6ffnet und dort das Jahresmotto bekanntgegeben. Es lautet: \u00bbCooler Kern statt grauer Stein\u00ab. Die s\u00e4chsischen St\u00e4dte und Gemeinden k\u00f6nnen bis zum 4. September 2026 ihre Konzepte f\u00fcr mehr Aufenthaltsqualit\u00e4t und weniger Monotonie in ihren Stadt- und Ortszentren einreichen. Die \u00fcberzeugendsten Vorhaben werden am 6. November 2026 in Leipzig ausgezeichnet.<\/p>\n\n\n\n<p>Der erste Preis ist mit 60.000 Euro dotiert, die beiden zweiten Preise mit jeweils 40.000 Euro und die drei dritten Preise mit jeweils 20.000 Euro. Dar\u00fcber hinaus werden Sonder- und Anerkennungspreise verliehen. Das SMWA lobt wieder den Sonderpreis \u00bbEinzelhandel\u00ab und das SMIL den simul<sup>+<\/sup> Sonderpreis \u00bbInnovative Jugend\u00ab aus. Diese beiden Sonderpreise der Ministerien sind mit jeweils 15.000 Euro dotiert.<\/p>\n\n\n\n<figure class=\"wp-block-image size-large\"><img loading=\"lazy\" decoding=\"async\" width=\"1280\" height=\"960\" src=\"https:\/\/www.smwa.sachsen.de\/blog\/wp-content\/uploads\/2026\/03\/IMG-20260304-WA0001-1-1280x960.jpg\" alt=\"\" class=\"wp-image-8046\" srcset=\"https:\/\/www.smwa.sachsen.de\/blog\/wp-content\/uploads\/2026\/03\/IMG-20260304-WA0001-1-1280x960.jpg 1280w, https:\/\/www.smwa.sachsen.de\/blog\/wp-content\/uploads\/2026\/03\/IMG-20260304-WA0001-1-430x323.jpg 430w, https:\/\/www.smwa.sachsen.de\/blog\/wp-content\/uploads\/2026\/03\/IMG-20260304-WA0001-1-768x576.jpg 768w, https:\/\/www.smwa.sachsen.de\/blog\/wp-content\/uploads\/2026\/03\/IMG-20260304-WA0001-1-1536x1152.jpg 1536w, https:\/\/www.smwa.sachsen.de\/blog\/wp-content\/uploads\/2026\/03\/IMG-20260304-WA0001-1-2048x1536.jpg 2048w\" sizes=\"auto, (max-width: 1280px) 100vw, 1280px\" \/><\/figure>\n\n\n\n<figure class=\"wp-block-gallery has-nested-images columns-default is-cropped wp-block-gallery-1 is-layout-flex wp-block-gallery-is-layout-flex\">\n<figure class=\"wp-block-image size-large\"><img loading=\"lazy\" decoding=\"async\" width=\"1280\" height=\"960\" data-id=\"8039\" src=\"https:\/\/www.smwa.sachsen.de\/blog\/wp-content\/uploads\/2026\/03\/5278358917111027057.jpg\" alt=\"\" class=\"wp-image-8039\" srcset=\"https:\/\/www.smwa.sachsen.de\/blog\/wp-content\/uploads\/2026\/03\/5278358917111027057.jpg 1280w, https:\/\/www.smwa.sachsen.de\/blog\/wp-content\/uploads\/2026\/03\/5278358917111027057-430x323.jpg 430w, https:\/\/www.smwa.sachsen.de\/blog\/wp-content\/uploads\/2026\/03\/5278358917111027057-768x576.jpg 768w\" sizes=\"auto, (max-width: 1280px) 100vw, 1280px\" \/><\/figure>\n\n\n\n<figure class=\"wp-block-image size-large\"><img loading=\"lazy\" decoding=\"async\" width=\"1280\" height=\"960\" data-id=\"8038\" src=\"https:\/\/www.smwa.sachsen.de\/blog\/wp-content\/uploads\/2026\/03\/5278358917111027072.jpg\" alt=\"\" class=\"wp-image-8038\" srcset=\"https:\/\/www.smwa.sachsen.de\/blog\/wp-content\/uploads\/2026\/03\/5278358917111027072.jpg 1280w, https:\/\/www.smwa.sachsen.de\/blog\/wp-content\/uploads\/2026\/03\/5278358917111027072-430x323.jpg 430w, https:\/\/www.smwa.sachsen.de\/blog\/wp-content\/uploads\/2026\/03\/5278358917111027072-768x576.jpg 768w\" sizes=\"auto, (max-width: 1280px) 100vw, 1280px\" \/><\/figure>\n<\/figure>\n\n\n\n<p>Zum Jahresmotto sagt <strong>Staatminister Dirk Panter<\/strong>: \u00bbWir alle kennen Stra\u00dfen, durch die man geht, von denen aber nichts in Erinnerung bleibt. Deshalb suchen wir auch 2026 wieder gute Ideen f\u00fcr Innenst\u00e4dte, die begeistern, die cool sind und damit lebenswert f\u00fcr alle: Familien und Jugendliche, Einwohner und G\u00e4ste, Kultur- und Sportinteressierte, f\u00fcr alle Generationen. Cool kann \u00fcberraschend, kreativ, unkonventionell sein. Und cool ist vor allem eines: anziehend. Wo dies sp\u00fcrbar wird, entsteht Leben \u2013 und der Stein verliert seinen grauen Schein. Es geht nicht darum, Bestehendes abzurei\u00dfen, sondern es weiterzuentwickeln und zu beleben. Die Rekordbeteiligung im Jahr 2025 hat uns gezeigt, dass die Innenstadtbelebung in den s\u00e4chsischen Kommunen eine hohe Priorit\u00e4t besitzt und viel Kreativit\u00e4t freisetzt. Wir freuen uns nun auf neue vielversprechende Konzepte aus allen Regionen Sachsens.\u00ab<\/p>\n\n\n\n<p>Die f\u00fcr Stadtentwicklung zust\u00e4ndige <strong>Staatsministerin Regina Kraushaar<\/strong> (SMIL) erg\u00e4nzt: \u00bbDie Stadtmitte ist das Herz unserer St\u00e4dte. Hier wird ganz schnell und unmittelbar sichtbar, ob eine Kommune lebendig, einladend und zukunftsf\u00e4hig wirkt. Das Motto \u203aCooler Kern statt grauer Stein\u2039 bringt es auf den Punkt: Es geht darum, Orte weiterzuentwickeln und ihnen neue Qualit\u00e4t zu geben \u2013 durch gute Gestaltung, durch Aufenthaltsr\u00e4ume mit Schatten und Gr\u00fcn, durch Angebote f\u00fcr alle Generationen mit ihren unterschiedlichen Bed\u00fcrfnissen. Wer seine Mitte st\u00e4rkt, st\u00e4rkt auch Identit\u00e4t, Zusammenhalt und wirtschaftliche Perspektiven. \u203aAb in die Mitte!\u2039 zeigt seit \u00fcber zwanzig Jahren, wie viel Kreativit\u00e4t und Verantwortungsbewusstsein in unseren Kommunen steckt. Ich bin \u00fcberzeugt, dass wir auch 2026 wieder Projekte sehen werden, die aus einem Platz einen Treffpunkt und aus einer Fl\u00e4che ein St\u00fcck Heimat machen.\u00ab<\/p>\n\n\n\n<h2 class=\"wp-block-heading\">Blog-Beitr\u00e4ge zu den Wettbewerbsjahren 2024 und 2025<\/h2>\n\n\n\n<p>2025 wurde der Wettbewerb unter dem Motto \u00bbUnsere Stadt: Wert? MehrWert. LebensWert!\u00ab gef\u00fchrt. Der Hauptpreis ging an die Stadt Gr\u00f6ditz (Landkreis Mei\u00dfen) f\u00fcr das Projekt \u00bb808 Jahre sp\u00e4ter: Wir schmieden uns &#8217;ne echte Mitte\u00ab. Die zwei Sonderpreise der Staatsregierung erhielten Adorf im Vogtlandkreis (Sonderpreis \u00bbEinzelhandel\u00ab des SMWA) und Burgst\u00e4dt im Landkreis Mittelsachsen (simul<sup>+<\/sup> Sonderpreis \u00bbInnovative Jugend\u00ab des SMIL).<\/p>\n\n\n\n<figure class=\"wp-block-embed is-type-wp-embed is-provider-zukunftblog wp-block-embed-zukunftblog\"><div class=\"wp-block-embed__wrapper\">\n<blockquote class=\"wp-embedded-content\" data-secret=\"y2jHhgd8x2\"><a href=\"https:\/\/www.smwa.sachsen.de\/blog\/2025\/12\/01\/starke-ideen-schlummern-auch-in-kleinen-staedten\/\">Starke Ideen schlummern auch in kleinen St\u00e4dten<\/a><\/blockquote><iframe loading=\"lazy\" class=\"wp-embedded-content\" sandbox=\"allow-scripts\" security=\"restricted\" style=\"position: absolute; visibility: hidden;\" title=\"\u00bbStarke Ideen schlummern auch in kleinen St\u00e4dten\u00ab &#8211; #ZUKUNFTblog\" src=\"https:\/\/www.smwa.sachsen.de\/blog\/2025\/12\/01\/starke-ideen-schlummern-auch-in-kleinen-staedten\/embed\/#?secret=9yEd9Gxn8B#?secret=y2jHhgd8x2\" data-secret=\"y2jHhgd8x2\" width=\"600\" height=\"338\" frameborder=\"0\" marginwidth=\"0\" marginheight=\"0\" scrolling=\"no\"><\/iframe>\n<\/div><\/figure>\n\n\n\n<p>Das Jahresmotto 2024 hie\u00df \u00bbAuf\u2019n Halt \u2013 Stadtmitte hat immer Saison\u00ab. D\u00f6beln freute sich \u00fcber den ersten Preis f\u00fcr das Vorhaben \u00bbSTIEFELPARADE f\u00fcr einen PARADESTIEFEL \u2013 ein Riese wird 100\u00ab. Pirna erhielt den Sonderpreis \u00bbEinzelhandel\u00ab des SMWA f\u00fcr die geplante Revitalisierung der Gartenstra\u00dfe.<\/p>\n\n\n\n<figure class=\"wp-block-embed is-type-wp-embed is-provider-zukunftblog wp-block-embed-zukunftblog\"><div class=\"wp-block-embed__wrapper\">\n<blockquote class=\"wp-embedded-content\" data-secret=\"1NNdv3peES\"><a href=\"https:\/\/www.smwa.sachsen.de\/blog\/2025\/05\/09\/herzlichen-glueckwunsch-doebeln-zieht-seinen-stiefel-durch-und-gewinnt-wettbewerb-ab-in-die-mitte\/\">Herzlichen Gl\u00fcckwunsch! D\u00f6beln zieht seinen Stiefel durch und gewinnt Wettbewerb \u00bbAb in die Mitte!\u00ab<\/a><\/blockquote><iframe loading=\"lazy\" class=\"wp-embedded-content\" sandbox=\"allow-scripts\" security=\"restricted\" style=\"position: absolute; visibility: hidden;\" title=\"\u00bbHerzlichen Gl\u00fcckwunsch! D\u00f6beln zieht seinen Stiefel durch und gewinnt Wettbewerb \u00bbAb in die Mitte!\u00ab\u00ab &#8211; #ZUKUNFTblog\" src=\"https:\/\/www.smwa.sachsen.de\/blog\/2025\/05\/09\/herzlichen-glueckwunsch-doebeln-zieht-seinen-stiefel-durch-und-gewinnt-wettbewerb-ab-in-die-mitte\/embed\/#?secret=q0I3puxegw#?secret=1NNdv3peES\" data-secret=\"1NNdv3peES\" width=\"600\" height=\"338\" frameborder=\"0\" marginwidth=\"0\" marginheight=\"0\" scrolling=\"no\"><\/iframe>\n<\/div><\/figure>\n\n\n\n<figure class=\"wp-block-embed is-type-wp-embed is-provider-zukunftblog wp-block-embed-zukunftblog\"><div class=\"wp-block-embed__wrapper\">\n<blockquote class=\"wp-embedded-content\" data-secret=\"8ET2AbLjQm\"><a href=\"https:\/\/www.smwa.sachsen.de\/blog\/2025\/03\/24\/city-wettbewerb-staatssekretaer-kralinski-uebergibt-60-000-euro-fuer-zwei-praemierte-chemnitzer-projekte\/\">City-Wettbewerb \u00bbAb in die Mitte!\u00ab: Chemnitz \u00fcberzeugt mit zwei Projekten<\/a><\/blockquote><iframe loading=\"lazy\" class=\"wp-embedded-content\" sandbox=\"allow-scripts\" security=\"restricted\" style=\"position: absolute; visibility: hidden;\" title=\"\u00bbCity-Wettbewerb \u00bbAb in die Mitte!\u00ab: Chemnitz \u00fcberzeugt mit zwei Projekten\u00ab &#8211; #ZUKUNFTblog\" src=\"https:\/\/www.smwa.sachsen.de\/blog\/2025\/03\/24\/city-wettbewerb-staatssekretaer-kralinski-uebergibt-60-000-euro-fuer-zwei-praemierte-chemnitzer-projekte\/embed\/#?secret=tHq1JFYU20#?secret=8ET2AbLjQm\" data-secret=\"8ET2AbLjQm\" width=\"600\" height=\"338\" frameborder=\"0\" marginwidth=\"0\" marginheight=\"0\" scrolling=\"no\"><\/iframe>\n<\/div><\/figure>\n\n\n\n<figure class=\"wp-block-embed is-type-wp-embed is-provider-zukunftblog wp-block-embed-zukunftblog\"><div class=\"wp-block-embed__wrapper\">\n<blockquote class=\"wp-embedded-content\" data-secret=\"NcsOxuDAAp\"><a href=\"https:\/\/www.smwa.sachsen.de\/blog\/2024\/11\/08\/pirna-gewinnt-sonderpreis-des-smwa-beim-city-wettbewerb-ab-in-die-mitte\/\">Pirna gewinnt Sonderpreis des SMWA beim City-Wettbewerb \u00bbAb in die Mitte!\u00ab<\/a><\/blockquote><iframe loading=\"lazy\" class=\"wp-embedded-content\" sandbox=\"allow-scripts\" security=\"restricted\" style=\"position: absolute; visibility: hidden;\" title=\"\u00bbPirna gewinnt Sonderpreis des SMWA beim City-Wettbewerb \u00bbAb in die Mitte!\u00ab\u00ab &#8211; #ZUKUNFTblog\" src=\"https:\/\/www.smwa.sachsen.de\/blog\/2024\/11\/08\/pirna-gewinnt-sonderpreis-des-smwa-beim-city-wettbewerb-ab-in-die-mitte\/embed\/#?secret=NEgSWs17GC#?secret=NcsOxuDAAp\" data-secret=\"NcsOxuDAAp\" width=\"600\" height=\"338\" frameborder=\"0\" marginwidth=\"0\" marginheight=\"0\" scrolling=\"no\"><\/iframe>\n<\/div><\/figure>\n","protected":false},"excerpt":{"rendered":"<p>Nach der Rekordbeteiligung im vergangenen Jahr (61 Projekte aus 53 Kommunen) ist am 4. M\u00e4rz 2026 der bereits 23. Innenstadtwettbewerb \u00bbAb in die Mitte! Die City-Offensive Sachsen\u00ab gestartet. Der Freistaat stellt daf\u00fcr auch in diesem Jahr mehr als 300.000 Euro f\u00fcr die Preisgelder bereit. Die Schirmherrschaft, die j\u00e4hrlich zwischen den Staatsministerien f\u00fcr Wirtschaft, Arbeit, Energie [&hellip;]<\/p>\n","protected":false},"author":9,"featured_media":8036,"comment_status":"open","ping_status":"","sticky":false,"template":"","format":"standard","meta":{"episode_type":"","audio_file":"","podmotor_file_id":"","podmotor_episode_id":"","cover_image":"","cover_image_id":"","duration":"","filesize":"","filesize_raw":"","date_recorded":"","explicit":"","block":"","footnotes":""},"categories":[1,6],"tags":[470,198,349,408,106,537,245,14],"class_list":["post-8031","post","type-post","status-publish","format-standard","has-post-thumbnail","hentry","category-aktuelles","category-wirtschaft","tag-dirk-panter","tag-handel","tag-innenstadt","tag-laendlicher-raum","tag-sachsen","tag-stadtentwicklung","tag-tourismus","tag-wirtschaft"],"_links":{"self":[{"href":"https:\/\/www.smwa.sachsen.de\/blog\/wp-json\/wp\/v2\/posts\/8031","targetHints":{"allow":["GET"]}}],"collection":[{"href":"https:\/\/www.smwa.sachsen.de\/blog\/wp-json\/wp\/v2\/posts"}],"about":[{"href":"https:\/\/www.smwa.sachsen.de\/blog\/wp-json\/wp\/v2\/types\/post"}],"author":[{"embeddable":true,"href":"https:\/\/www.smwa.sachsen.de\/blog\/wp-json\/wp\/v2\/users\/9"}],"replies":[{"embeddable":true,"href":"https:\/\/www.smwa.sachsen.de\/blog\/wp-json\/wp\/v2\/comments?post=8031"}],"version-history":[{"count":10,"href":"https:\/\/www.smwa.sachsen.de\/blog\/wp-json\/wp\/v2\/posts\/8031\/revisions"}],"predecessor-version":[{"id":8047,"href":"https:\/\/www.smwa.sachsen.de\/blog\/wp-json\/wp\/v2\/posts\/8031\/revisions\/8047"}],"wp:featuredmedia":[{"embeddable":true,"href":"https:\/\/www.smwa.sachsen.de\/blog\/wp-json\/wp\/v2\/media\/8036"}],"wp:attachment":[{"href":"https:\/\/www.smwa.sachsen.de\/blog\/wp-json\/wp\/v2\/media?parent=8031"}],"wp:term":[{"taxonomy":"category","embeddable":true,"href":"https:\/\/www.smwa.sachsen.de\/blog\/wp-json\/wp\/v2\/categories?post=8031"},{"taxonomy":"post_tag","embeddable":true,"href":"https:\/\/www.smwa.sachsen.de\/blog\/wp-json\/wp\/v2\/tags?post=8031"}],"curies":[{"name":"wp","href":"https:\/\/api.w.org\/{rel}","templated":true}]}}