{"id":7516,"date":"2025-11-07T15:39:02","date_gmt":"2025-11-07T14:39:02","guid":{"rendered":"https:\/\/www.smwa.sachsen.de\/blog\/?p=7516"},"modified":"2025-11-07T15:39:02","modified_gmt":"2025-11-07T14:39:02","slug":"sachsen-uebergibt-nach-zwei-jahren-in-vorsitz-und-co-vorsitz-den-staffelstab-in-der-european-semiconductor-regions-alliance","status":"publish","type":"post","link":"https:\/\/www.smwa.sachsen.de\/blog\/2025\/11\/07\/sachsen-uebergibt-nach-zwei-jahren-in-vorsitz-und-co-vorsitz-den-staffelstab-in-der-european-semiconductor-regions-alliance\/","title":{"rendered":"Sachsen \u00fcbergibt nach zwei Jahren in Vorsitz und Co-Vorsitz den Staffelstab in der European Semiconductor Regions Alliance"},"content":{"rendered":"\n<p>Nach dem Aufbau tragf\u00e4higer Arbeitsstrukturen, zwei Positionspapieren und mehreren Workshops mit Generaldirektionen der Europ\u00e4ischen Kommission ist Gr\u00fcndungsmitglied Sachsen aus dem <a href=\"https:\/\/www.esra-org.eu\/#top\">ESRA<\/a>-Vorsitz ausgeschieden \u2013 bleibt aber als Impulsgeber und Bindeglied zur Kommission weiter aktiv. Vertreterinnen und Vertreter der 37 Mitgliedsregionen der ESRA trafen sich nun zur feierlichen \u00dcbergabe des Vorsitzes an Katalonien (ESP) in Barcelona.&nbsp;<\/p>\n\n\n\n<!--more-->\n\n\n\n<p>Die \u00dcbergabe im historischen Palau de Pedralbes fand im Beisein zahlreicher hochrangiger Repr\u00e4sentantinnen und Repr\u00e4sentanten der Mitgliedsregionen sowie der Europ\u00e4ischen Kommission statt \u2013 ein deutliches Zeichen f\u00fcr die Strahlkraft der Allianz.<\/p>\n\n\n\n<div class=\"wp-block-columns is-layout-flex wp-container-core-columns-is-layout-9d6595d7 wp-block-columns-is-layout-flex\">\n<div class=\"wp-block-column is-layout-flow wp-block-column-is-layout-flow\" style=\"flex-basis:33.33%\">\n<figure class=\"wp-block-image size-full\"><img decoding=\"async\" src=\"https:\/\/www.smwa.sachsen.de\/blog\/wp-content\/uploads\/2025\/11\/Photo-7-11-25-10-45-07.jpg\" alt=\"\" class=\"wp-image-7526\"\/><\/figure>\n<\/div>\n\n\n\n<div class=\"wp-block-column is-layout-flow wp-block-column-is-layout-flow\" style=\"flex-basis:66.66%\">\n<p>In seinem Gru\u00dfwort unterstrich&nbsp;<strong>Sachsens Staatsminister f\u00fcr Wirtschaft, Arbeit, Energie und Klimaschutz, Dirk Panter,<\/strong>&nbsp;die zentrale Bedeutung der Zusammenarbeit der europ\u00e4ischen Regionen in der Halbleiterbranche als Schl\u00fcssel f\u00fcr eine St\u00e4rkung der Resilienz und technologischen Souver\u00e4nit\u00e4t Europas. Der erarbeitete Einfluss m\u00fcsse nun Fr\u00fcchte tragen, indem die Mikroelektronik im n\u00e4chsten Mehrj\u00e4hrigen Finanzrahmen der EU ihrer strategischen Bedeutung entsprechend Ber\u00fccksichtigung findet. Hierf\u00fcr gilt es, die Beihilfeverfahren weiter zu verschlanken und die Einzelverfahren zu parallelisieren.<\/p>\n\n\n\n<p><strong>Wirtschaftsminister Dirk Panter<\/strong>: \u00bbAls die s\u00e4chsische Staatsregierung 2023 die Gr\u00fcndung der ESRA initiierte und den Vorsitz \u00fcbernahm, waren wir \u00fcberzeugt: Es braucht eine kr\u00e4ftige Stimme der europ\u00e4ischen Mikroelektronik-Regionen in Br\u00fcssel \u2013 und wir lagen goldrichtig. Aus zun\u00e4chst zw\u00f6lf Interessensbekundungen ist eine starke Allianz mit inzwischen 37 Mitgliedsregionen erwachsen. Gemeinsam haben wir die ESRA als verl\u00e4sslichen Partner der Europ\u00e4ischen Kommission etabliert und bereits erste Beitr\u00e4ge zu strategischen Vorhaben leisten k\u00f6nnen. Das zeigt: ESRA wirkt \u2013 und setzt die richtigen Impulse zur richtigen Zeit. Wir freuen uns nun, den Staffelstab an Katalonien sowie an den jeweiligen Co-Vorsitz aus Piemont und Tampere zu \u00fcbergeben.\u00ab<\/p>\n<\/div>\n<\/div>\n\n\n\n<p>Im weiteren Verlauf des Treffens diskutieren die Mitgliedsregionen mit Vertreterinnen und Vertretern der Europ\u00e4ischen Kommission \u00fcber die anstehende Novellierung des European Chips Act, zur Fachkr\u00e4ftesicherung und beraten die k\u00fcnftige Arbeitsstruktur der Allianz. Damit markiert die Versammlung zugleich den Start in eine neue Arbeitsphase unter katalanischem Vorsitz.<\/p>\n\n\n\n<figure class=\"wp-block-image size-full\"><img decoding=\"async\" src=\"https:\/\/www.smwa.sachsen.de\/blog\/wp-content\/uploads\/2025\/11\/Photo-7-11-25-14-36-47.jpg\" alt=\"\" class=\"wp-image-7528\"\/><\/figure>\n\n\n\n<p><strong>Die European Semiconductor Regions Alliance (ESRA)<\/strong><\/p>\n\n\n\n<p>Die auf s\u00e4chsische Initiative gegr\u00fcndete ESRA ist eine Arbeitsplattform der Regionen mit der Europ\u00e4ischen Kommission und dem Europ\u00e4ischen Parlament, um die Kerninteressen der Halbleiterindustrie zu b\u00fcndeln und auf politischer Ebene zu artikulieren. Ziel der Allianz ist, Europa aus den Regionen heraus im globalen Wettbewerb als Halbleiter-Standort zu f\u00f6rdern, um insgesamt die europ\u00e4ische Wettbewerbsf\u00e4higkeit und technologische Souver\u00e4nit\u00e4t zu sichern.<\/p>\n\n\n\n<p>In ESRA engagieren sich folgende Regionen: Baden-W\u00fcrttemberg, Bayern, Hamburg, Hessen, Niedersachsen, Sachsen, Sachsen-Anhalt, Saarland, Schleswig-Holstein und Th\u00fcringen in Deutschland, Andalusien, Baskenland, Katalonien, Madrid und Valencia in Spanien, Flevoland, Gelderland, Nordbrabant und Overijssel in den Niederlanden, K\u00e4rnten und Steiermark in \u00d6sterreich, die Centro-Region und die Norte-Region in Portugal, Flandern in Belgien, Auvergne-Rh\u00f4ne-Alpes und \u00cele-de-France in Frankreich, Piemont und Lombardei in Italien, Tampere, Helsinki und Oulu in Finnland, S\u00fcdm\u00e4hren, Pilsen und Zlin in Tschechien, Sk\u00e5ne in Schweden, Wales im Vereinigten K\u00f6nigreich und die Republik Irland.<\/p>\n\n\n\n<p>ESRA setzt auf ein rollierendes System im Vorsitz: Jede gew\u00e4hlte Region sammelt zun\u00e4chst ein Jahr Erfahrung als Co-Vorsitz, hat im zweiten Jahr den Vorsitz inne und begleitet im dritten Jahr die Arbeit von ESRA wieder als Co-Vorsitz \u2013 so k\u00f6nnen gleicherma\u00dfen Kontinuit\u00e4t gewahrt bleiben und frische Impulse gesetzt werden.<\/p>\n\n\n\n<figure class=\"wp-block-embed is-type-wp-embed is-provider-zukunftblog wp-block-embed-zukunftblog\"><div class=\"wp-block-embed__wrapper\">\n<blockquote class=\"wp-embedded-content\" data-secret=\"jC1kU7DOyt\"><a href=\"https:\/\/www.smwa.sachsen.de\/blog\/2025\/07\/03\/wirtschaftsminister-panter-in-bruessel-europaeische-halbleiterregionen-wollen-lieferkettenresilienz-staerken-und-regionale-oekosysteme-foerdern\/\">Wirtschaftsminister Panter in Br\u00fcssel: Europ\u00e4ische Halbleiterregionen wollen Lieferkettenresilienz st\u00e4rken und regionale \u00d6kosysteme f\u00f6rdern<\/a><\/blockquote><iframe loading=\"lazy\" class=\"wp-embedded-content\" sandbox=\"allow-scripts\" security=\"restricted\" style=\"position: absolute; visibility: hidden;\" title=\"\u00bbWirtschaftsminister Panter in Br\u00fcssel: Europ\u00e4ische Halbleiterregionen wollen Lieferkettenresilienz st\u00e4rken und regionale \u00d6kosysteme f\u00f6rdern\u00ab &#8212; #ZUKUNFTblog\" src=\"https:\/\/www.smwa.sachsen.de\/blog\/2025\/07\/03\/wirtschaftsminister-panter-in-bruessel-europaeische-halbleiterregionen-wollen-lieferkettenresilienz-staerken-und-regionale-oekosysteme-foerdern\/embed\/#?secret=JcgoGRMGMT#?secret=jC1kU7DOyt\" data-secret=\"jC1kU7DOyt\" width=\"600\" height=\"338\" frameborder=\"0\" marginwidth=\"0\" marginheight=\"0\" scrolling=\"no\"><\/iframe>\n<\/div><\/figure>\n\n\n\n<figure class=\"wp-block-embed is-type-wp-embed is-provider-zukunftblog wp-block-embed-zukunftblog\"><div class=\"wp-block-embed__wrapper\">\n<blockquote class=\"wp-embedded-content\" data-secret=\"tWBfiJJHS6\"><a href=\"https:\/\/www.smwa.sachsen.de\/blog\/2023\/09\/08\/allianz-europaeischer-halbleiterregionen-in-bruessel-gegruendet\/\">Allianz europ\u00e4ischer Halbleiterregionen in Br\u00fcssel gegr\u00fcndet<\/a><\/blockquote><iframe loading=\"lazy\" class=\"wp-embedded-content\" sandbox=\"allow-scripts\" security=\"restricted\" style=\"position: absolute; visibility: hidden;\" title=\"\u00bbAllianz europ\u00e4ischer Halbleiterregionen in Br\u00fcssel gegr\u00fcndet\u00ab &#8212; #ZUKUNFTblog\" src=\"https:\/\/www.smwa.sachsen.de\/blog\/2023\/09\/08\/allianz-europaeischer-halbleiterregionen-in-bruessel-gegruendet\/embed\/#?secret=nypnDRvXg2#?secret=tWBfiJJHS6\" data-secret=\"tWBfiJJHS6\" width=\"600\" height=\"338\" frameborder=\"0\" marginwidth=\"0\" marginheight=\"0\" scrolling=\"no\"><\/iframe>\n<\/div><\/figure>\n\n\n\n<p>Bilder: \u00a9 Copyright 2025 European Semiconductor Regions Alliance <\/p>\n","protected":false},"excerpt":{"rendered":"<p>Nach dem Aufbau tragf\u00e4higer Arbeitsstrukturen, zwei Positionspapieren und mehreren Workshops mit Generaldirektionen der Europ\u00e4ischen Kommission ist Gr\u00fcndungsmitglied Sachsen aus dem ESRA-Vorsitz ausgeschieden \u2013 bleibt aber als Impulsgeber und Bindeglied zur Kommission weiter aktiv. Vertreterinnen und Vertreter der 37 Mitgliedsregionen der ESRA trafen sich nun zur feierlichen \u00dcbergabe des Vorsitzes an Katalonien (ESP) in Barcelona.&nbsp;<\/p>\n","protected":false},"author":3,"featured_media":7527,"comment_status":"open","ping_status":"","sticky":false,"template":"","format":"standard","meta":{"episode_type":"","audio_file":"","podmotor_file_id":"","podmotor_episode_id":"","cover_image":"","cover_image_id":"","duration":"","filesize":"","filesize_raw":"","date_recorded":"","explicit":"","block":"","footnotes":""},"categories":[1,23,37,11,60,510,125,6],"tags":[470,72,120,417,297,119,260,296,127],"class_list":["post-7516","post","type-post","status-publish","format-standard","has-post-thumbnail","hentry","category-aktuelles","category-auslandreisen","category-europa","category-ideen-innovationen-zukunft","category-international","category-mikroelektronik","category-silicon-saxony","category-wirtschaft","tag-dirk-panter","tag-eu-foerderung","tag-europa","tag-europaeische-union","tag-halbleiterindustrie","tag-innovation","tag-mikrochips","tag-mikroelektronik","tag-silicon-saxony"],"_links":{"self":[{"href":"https:\/\/www.smwa.sachsen.de\/blog\/wp-json\/wp\/v2\/posts\/7516","targetHints":{"allow":["GET"]}}],"collection":[{"href":"https:\/\/www.smwa.sachsen.de\/blog\/wp-json\/wp\/v2\/posts"}],"about":[{"href":"https:\/\/www.smwa.sachsen.de\/blog\/wp-json\/wp\/v2\/types\/post"}],"author":[{"embeddable":true,"href":"https:\/\/www.smwa.sachsen.de\/blog\/wp-json\/wp\/v2\/users\/3"}],"replies":[{"embeddable":true,"href":"https:\/\/www.smwa.sachsen.de\/blog\/wp-json\/wp\/v2\/comments?post=7516"}],"version-history":[{"count":3,"href":"https:\/\/www.smwa.sachsen.de\/blog\/wp-json\/wp\/v2\/posts\/7516\/revisions"}],"predecessor-version":[{"id":7529,"href":"https:\/\/www.smwa.sachsen.de\/blog\/wp-json\/wp\/v2\/posts\/7516\/revisions\/7529"}],"wp:featuredmedia":[{"embeddable":true,"href":"https:\/\/www.smwa.sachsen.de\/blog\/wp-json\/wp\/v2\/media\/7527"}],"wp:attachment":[{"href":"https:\/\/www.smwa.sachsen.de\/blog\/wp-json\/wp\/v2\/media?parent=7516"}],"wp:term":[{"taxonomy":"category","embeddable":true,"href":"https:\/\/www.smwa.sachsen.de\/blog\/wp-json\/wp\/v2\/categories?post=7516"},{"taxonomy":"post_tag","embeddable":true,"href":"https:\/\/www.smwa.sachsen.de\/blog\/wp-json\/wp\/v2\/tags?post=7516"}],"curies":[{"name":"wp","href":"https:\/\/api.w.org\/{rel}","templated":true}]}}