{"id":7493,"date":"2025-11-04T11:45:48","date_gmt":"2025-11-04T10:45:48","guid":{"rendered":"https:\/\/www.smwa.sachsen.de\/blog\/?p=7493"},"modified":"2025-11-04T11:45:48","modified_gmt":"2025-11-04T10:45:48","slug":"saechsische-staatsregierung-beschliesst-europastrategie-und-positioniert-sich-zum-mehrjaehrigen-finanzrahmen-der-eu-ab-2028","status":"publish","type":"post","link":"https:\/\/www.smwa.sachsen.de\/blog\/2025\/11\/04\/saechsische-staatsregierung-beschliesst-europastrategie-und-positioniert-sich-zum-mehrjaehrigen-finanzrahmen-der-eu-ab-2028\/","title":{"rendered":"S\u00e4chsische Staatsregierung beschlie\u00dft Europastrategie und positioniert sich zum Mehrj\u00e4hrigen Finanzrahmen der EU ab 2028"},"content":{"rendered":"\n<p>Bei ihrer ausw\u00e4rtigen Kabinettssitzung in Br\u00fcssel hat die S\u00e4chsische Staatsregierung zentrale Weichen f\u00fcr die europapolitische Arbeit der kommenden Jahre gestellt. Im Mittelpunkt standen die neue Europastrategie sowie die Positionierung Sachsens zum EU-Finanzrahmen ab 2028. Ziel ist es, Wettbewerbsf\u00e4higkeit, Sicherheit und Zusammenhalt in Europa zu st\u00e4rken und den Regionen mehr Mitspracherecht zu sichern. Ministerpr\u00e4sident Michael Kretschmer betonte die Bedeutung Europas als Partner f\u00fcr Forschung, Energiewende und regionale Entwicklung. Wirtschaftsminister Dirk Panter hob die Rolle Sachsens bei Energie- und Rohstoffsicherheit hervor: Mit Projekten wie dem Net Zero Valley Lausitz und Zinnwald Lithium will der Freistaat die industrielle Transformation in Europa aktiv mitgestalten.<\/p>\n\n\n\n<!--more-->\n\n\n\n<p>Die vom Kabinett beschlossene <a href=\"https:\/\/medienservice.sachsen.de\/medien\/medienobjekte\/606593\">Europastrategie der S\u00e4chsischen Staatsregierung<\/a> setzt den Fokus auf Wettbewerbsf\u00e4higkeit, Sicherheit und Zusammenhalt. Sie legt die strategischen Leitlinien f\u00fcr die europapolitische Arbeit fest und b\u00fcndelt die europapolitischen Aktivit\u00e4ten des Freistaates in f\u00fcnf Handlungsfeldern:<br><br>\u2022 Europapolitische Schwerpunkte,<br>\u2022 Europabildung,<br>\u2022 Europa-\u00d6ffentlichkeitsarbeit,<br>\u2022 Europaf\u00e4higkeit der Verwaltung,<br>\u2022 Wirkungskan\u00e4le der europapolitischen Interessenvertretung.<\/p>\n\n\n\n<div class=\"wp-block-columns is-layout-flex wp-container-core-columns-is-layout-9d6595d7 wp-block-columns-is-layout-flex\">\n<div class=\"wp-block-column is-layout-flow wp-block-column-is-layout-flow\" style=\"flex-basis:33.33%\">\n<figure class=\"wp-block-image size-large\"><img loading=\"lazy\" decoding=\"async\" width=\"853\" height=\"1280\" src=\"https:\/\/www.smwa.sachsen.de\/blog\/wp-content\/uploads\/2025\/11\/reise-nach-bruessel-20251104-19339-853x1280.jpg\" alt=\"\" class=\"wp-image-7494\" srcset=\"https:\/\/www.smwa.sachsen.de\/blog\/wp-content\/uploads\/2025\/11\/reise-nach-bruessel-20251104-19339-853x1280.jpg 853w, https:\/\/www.smwa.sachsen.de\/blog\/wp-content\/uploads\/2025\/11\/reise-nach-bruessel-20251104-19339-287x430.jpg 287w, https:\/\/www.smwa.sachsen.de\/blog\/wp-content\/uploads\/2025\/11\/reise-nach-bruessel-20251104-19339-768x1152.jpg 768w, https:\/\/www.smwa.sachsen.de\/blog\/wp-content\/uploads\/2025\/11\/reise-nach-bruessel-20251104-19339-1024x1536.jpg 1024w, https:\/\/www.smwa.sachsen.de\/blog\/wp-content\/uploads\/2025\/11\/reise-nach-bruessel-20251104-19339-1365x2048.jpg 1365w, https:\/\/www.smwa.sachsen.de\/blog\/wp-content\/uploads\/2025\/11\/reise-nach-bruessel-20251104-19339-scaled.jpg 1707w\" sizes=\"auto, (max-width: 853px) 100vw, 853px\" \/><\/figure>\n<\/div>\n\n\n\n<div class=\"wp-block-column is-layout-flow wp-block-column-is-layout-flow\" style=\"flex-basis:66.66%\">\n<p>Ministerpr\u00e4sident Michael Kretschmer erkl\u00e4rt: \u00bbEuropa ist f\u00fcr Sachsen gelebte Zukunft. Unsere Kabinettssitzung zeigt, wie eng die s\u00e4chsische Politik mit der europ\u00e4ischen Ebene verbunden ist. Viele unserer Projekte \u2013 von der Energiewende \u00fcber Forschung bis zur regionalen Entwicklung \u2013 gelingen nur im europ\u00e4ischen Schulterschluss. Wir wollen die EU mitgestalten. Sachsen steht f\u00fcr ein starkes, handlungsf\u00e4higes Europa, das den Regionen zuh\u00f6rt, Innovationen f\u00f6rdert und Zusammenhalt lebt. Dazu brauchen die Regionen mehr statt weniger Mitspracherecht in europ\u00e4ischen Entscheidungsprozessen. Wenn Europa ein Kontinent starker, wettbewerbsf\u00e4higer Wirtschaftsr\u00e4ume bleibt, sichern wir auch den Wohlstand und Wachstum unserer s\u00e4chsischen Heimat.\u00ab<\/p>\n\n\n\n<p>Die Staatsregierung beschloss dar\u00fcber hinaus ihre Position zu den Kommissionsvorschl\u00e4gen f\u00fcr den Mehrj\u00e4hrigen Finanzrahmen (MFR) der EU f\u00fcr den Zeitraum 2028\u20132034. Planungssicherheit sowie Zukunftsinvestitionen spielen darin eine wichtige Rolle. Die von der Kommission vorgeschlagene Zentralisierung der Fonds und die Zusammenlegung von Budgets in sogenannten \u00bbNationalen und Regionalen Partnerschaftspl\u00e4nen\u00ab lehnt das Kabinett in seinem Beschluss ab. Diese w\u00fcrden die Gestaltungsspielr\u00e4ume der Regionen erheblich einschr\u00e4nken und die zielgenaue F\u00f6rderung vor Ort gef\u00e4hrden. Sachsen erwartet von der EU eine grundlegende \u00dcberarbeitung des Vorschlages f\u00fcr die Pl\u00e4ne. Die Regionen sollen weiterhin eine zentrale Rolle bei der Ausgestaltung und Umsetzung der EU-F\u00f6rderung innehaben. Dar\u00fcber hinaus spricht sich Sachsen f\u00fcr eine ausgewogene Finanzarchitektur aus, die Koh\u00e4sion, Wettbewerbsf\u00e4higkeit und Transformation gleicherma\u00dfen ber\u00fccksichtigt.<\/p>\n<\/div>\n<\/div>\n\n\n\n<p>Ministerpr\u00e4sident Kretschmer bekr\u00e4ftigt die Bedeutung einer verl\u00e4sslichen europ\u00e4ischen F\u00f6rderpolitik: \u00bbEuropa braucht Planungssicherheit. Nur wenn Regionen wie Sachsen Innovation und Strukturwandel erfolgreich gestalten k\u00f6nnen, wird Europa seine wirtschaftliche St\u00e4rke bewahren und ihre Wettbewerbsf\u00e4higkeit sicherstellen.\u00ab <\/p>\n\n\n\n<p>In seiner Position erwartet Sachsen von der EU au\u00dferdem den Erhalt einer eigenst\u00e4ndigen Gemeinsamen Agrarpolitik mit ausreichendem Budget. Kappung und Degression lehnt Sachsen ab, da sie die heimische Agrarstruktur deutlich benachteiligen und sich schlussendlich bis auf die weitere Reduktion der Tierbest\u00e4nde in Sachsen auswirken w\u00fcrden. Zudem setzt sich die Staatsregierung f\u00fcr mehr Mittel im Bereich der Gemeinsamen Fischereipolitik sowie eine flexible und regional ausgerichtete F\u00f6rderpraxis ein und warnt vor einer Zentralisierung der EU-Fonds.<\/p>\n\n\n\n<p>Umwelt- und Landwirtschaftsminister Georg-Ludwig von Breitenbuch: \u00bbWir stehen f\u00fcr eine starke Landwirtschaft, f\u00fcr einen starken l\u00e4ndlichen Raum, f\u00fcr unser Sachsen ein. Die bisherigen Fonds in Nationalen und Regionalen Partnerschaftspl\u00e4nen aufgehen zu lassen, ist ein v\u00f6llig falsches Signal. Wenn wir eine wettbewerbsf\u00e4hige Landwirtschaft und eine sichere Nahrungsmittelversorgung gew\u00e4hrleisten wollen, muss ein eigenst\u00e4ndiges und ausk\u00f6mmliches Budget f\u00fcr die Gemeinsame Agrar- und Fischereipolitik das oberste Ziel sein. Mein Appell lautet: Lassen sie uns gern gemeinsam nach pragmatischen L\u00f6sungen suchen, die allen Beteiligten Kontinuit\u00e4t und Verl\u00e4sslichkeit bieten.\u00ab<\/p>\n\n\n\n<p>Im Rahmen der Kabinettssitzung in Br\u00fcssel hat Sachsen die Bedeutung einer strategischen, abgestimmten europ\u00e4ischen Industrie- und Wettbewerbspolitik betont, die Wachstum, Wohlstand und Innovationskraft st\u00e4rkt. Das Kabinett unterstrich, dass Sachsen mit seinen St\u00e4rken in Mikroelektronik, Energie und Mobilit\u00e4t bereits einen wichtigen Beitrag zur wirtschaftlichen Zukunft Europas leistet und damit die Basis f\u00fcr nachhaltigen Wohlstand und widerstandsf\u00e4hige Wertsch\u00f6pfungsketten schafft.<\/p>\n\n\n\n<div class=\"wp-block-columns is-layout-flex wp-container-core-columns-is-layout-9d6595d7 wp-block-columns-is-layout-flex\">\n<div class=\"wp-block-column is-layout-flow wp-block-column-is-layout-flow\" style=\"flex-basis:33.33%\">\n<figure class=\"wp-block-image size-large\"><img loading=\"lazy\" decoding=\"async\" width=\"853\" height=\"1280\" src=\"https:\/\/www.smwa.sachsen.de\/blog\/wp-content\/uploads\/2025\/11\/reise-nach-bruessel-20251104-19352-853x1280.jpg\" alt=\"\" class=\"wp-image-7501\" srcset=\"https:\/\/www.smwa.sachsen.de\/blog\/wp-content\/uploads\/2025\/11\/reise-nach-bruessel-20251104-19352-853x1280.jpg 853w, https:\/\/www.smwa.sachsen.de\/blog\/wp-content\/uploads\/2025\/11\/reise-nach-bruessel-20251104-19352-287x430.jpg 287w, https:\/\/www.smwa.sachsen.de\/blog\/wp-content\/uploads\/2025\/11\/reise-nach-bruessel-20251104-19352-scaled.jpg 1707w\" sizes=\"auto, (max-width: 853px) 100vw, 853px\" \/><\/figure>\n<\/div>\n\n\n\n<div class=\"wp-block-column is-layout-flow wp-block-column-is-layout-flow\" style=\"flex-basis:66.66%\">\n<p>Mit Blick auf die Lage der Automobilindustrie bekr\u00e4ftigt Wirtschaftsminister Dirk Panter seine Haltung: \u00bbEs gilt nach wie vor: Die deutsche Autoindustrie muss wieder wettbewerbsf\u00e4hig werden \u2013 und zwar bei uns in Deutschland. Gleichzeitig m\u00fcssen wir daf\u00fcr sorgen, dass wir unsere Abh\u00e4ngigkeiten in den Lieferketten verringern. Auch das ist ein wichtiger Teil von mehr Widerstandsf\u00e4higkeit. Wir brauchen alternative Pl\u00e4ne in Europa, auf die wir uns auch in der Not verlassen k\u00f6nnen. Nat\u00fcrlich bleibt der Freihandel in der Welt die beste Voraussetzung f\u00fcr eine prosperierende Weltwirtschaft. Wenn der Freihandel aber dem Machtkampf von wirtschaftlichen Gro\u00dfm\u00e4chten zum Opfer f\u00e4llt, dann m\u00fcssen wir mit alternativen Pl\u00e4nen gewappnet sein.\u00ab<\/p>\n\n\n\n<p>Energiesicherheit und Wettbewerbsf\u00e4higkeit waren zwei weitere Schwerpunktthemen. Im Rahmen der Kabinettssitzung hat die S\u00e4chsische Staatsregierung dar\u00fcber die Zukunftsprojekte \u00bbNet Zero Valley Lausitz\u00ab und \u00bbZinnwald Lithium\u00ab beraten. Mit der Bewerbung der Lausitz als \u00bbNet Zero Valley\u00ab soll ein attraktives Umfeld f\u00fcr die Ansiedlung von Produktionsanlagen f\u00fcr Netto-Null-Technologien geschaffen werden.<\/p>\n<\/div>\n<\/div>\n\n\n\n<p>Zudem befasste sich das Kabinett mit dem Projekt der Lithiumgewinnung im Zinnwald, das im Zusammenhang mit dem im Mai 2024 in Kraft getretenen Critical Raw Materials Act (CRMA) steht. Ziel ist es, die Versorgung der EU mit strategisch wichtigen Rohstoffen zu sichern. Die Staatsregierung setzt sich daf\u00fcr ein, das Zinnwald-Vorhaben auf Bundes- und EU-Ebene als strategisches Schl\u00fcsselprojekt anzuerkennen, um Genehmigungsverfahren zu beschleunigen und die heimische Lithiumf\u00f6rderung unter Wahrung der Umwelt- und Sozialstandards sowie im Einklang mit den Interessen der Bev\u00f6lkerung vor Ort zu st\u00e4rken.<\/p>\n\n\n\n<p>Wirtschaftsminister Dirk Panter betont: \u00bbEnergie- und Rohstoffsicherheit sind Grundpfeiler unseres Wohlstands. Gerade angesichts globaler Krisen m\u00fcssen Europa und Deutschland unabh\u00e4ngiger werden. Mit dem Net Zero Valley Lausitz und dem Lithiumprojekt im Erzgebirge gehen wir in Sachsen zwei entscheidende Schritte in diese Richtung. Wir st\u00e4rken die industrielle Wettbewerbsf\u00e4higkeit, sichern die Transformation hin zu klimaneutraler Produktion und leisten einen Beitrag zu mehr technologischer und rohstofflicher Souver\u00e4nit\u00e4t f\u00fcr Deutschland und Europa.\u00ab<\/p>\n\n\n\n<div class=\"wp-block-columns is-layout-flex wp-container-core-columns-is-layout-9d6595d7 wp-block-columns-is-layout-flex\">\n<div class=\"wp-block-column is-layout-flow wp-block-column-is-layout-flow\">\n<figure class=\"wp-block-image size-large\"><img loading=\"lazy\" decoding=\"async\" width=\"853\" height=\"1280\" src=\"https:\/\/www.smwa.sachsen.de\/blog\/wp-content\/uploads\/2025\/11\/reise-nach-bruessel-20251104-19609-853x1280.jpg\" alt=\"\" class=\"wp-image-7496\" srcset=\"https:\/\/www.smwa.sachsen.de\/blog\/wp-content\/uploads\/2025\/11\/reise-nach-bruessel-20251104-19609-853x1280.jpg 853w, https:\/\/www.smwa.sachsen.de\/blog\/wp-content\/uploads\/2025\/11\/reise-nach-bruessel-20251104-19609-287x430.jpg 287w, https:\/\/www.smwa.sachsen.de\/blog\/wp-content\/uploads\/2025\/11\/reise-nach-bruessel-20251104-19609-scaled.jpg 1707w\" sizes=\"auto, (max-width: 853px) 100vw, 853px\" \/><figcaption class=\"wp-element-caption\">Foto: S\u00e4chsische Staatskanzlei \/ Nikolai Schmidt<\/figcaption><\/figure>\n<\/div>\n\n\n\n<div class=\"wp-block-column is-layout-flow wp-block-column-is-layout-flow\">\n<figure class=\"wp-block-image size-large\"><img loading=\"lazy\" decoding=\"async\" width=\"853\" height=\"1280\" src=\"https:\/\/www.smwa.sachsen.de\/blog\/wp-content\/uploads\/2025\/11\/reise-nach-bruessel-20251104-19278-853x1280.jpg\" alt=\"\" class=\"wp-image-7502\" srcset=\"https:\/\/www.smwa.sachsen.de\/blog\/wp-content\/uploads\/2025\/11\/reise-nach-bruessel-20251104-19278-853x1280.jpg 853w, https:\/\/www.smwa.sachsen.de\/blog\/wp-content\/uploads\/2025\/11\/reise-nach-bruessel-20251104-19278-287x430.jpg 287w, https:\/\/www.smwa.sachsen.de\/blog\/wp-content\/uploads\/2025\/11\/reise-nach-bruessel-20251104-19278-scaled.jpg 1707w\" sizes=\"auto, (max-width: 853px) 100vw, 853px\" \/><figcaption class=\"wp-element-caption\">Foto: S\u00e4chsische Staatskanzlei \/ Nikolai Schmidt<\/figcaption><\/figure>\n<\/div>\n<\/div>\n\n\n\n<p>Im weiteren Verlauf der Kabinettssitzung folgt der Austausch mit Vertretern des EU-Parlaments und der EU-Kommission. Dabei stehen die zuk\u00fcnftige Ausgestaltung der Koh\u00e4sionspolitik, die St\u00e4rkung der europ\u00e4ischen Sicherheitsarchitektur und Verteidigungsf\u00e4higkeit sowie die nachhaltige Transformation der Landwirtschaft im Mittelpunkt. Zu den G\u00e4sten z\u00e4hlen u.a. Raffaele Fitto, Exekutiver Vizepr\u00e4sident f\u00fcr Koh\u00e4sion und Reformen, Andrius Kubilius, Kommissar f\u00fcr Verteidigung und Raumfahrt, sowie Christophe Hansen, Kommissar f\u00fcr Landwirtschaft und Ern\u00e4hrung.<\/p>\n\n\n\n<p>Beitrag aus Pressemitteilung der S\u00e4chsischen Staatskanzlei: <a href=\"https:\/\/medienservice.sachsen.de\/medien\/news\/1092021\">https:\/\/medienservice.sachsen.de\/medien\/news\/1092021<\/a> <\/p>\n\n\n\n<p>Alle Bilder: Foto: S\u00e4chsische Staatskanzlei \/ Nikolai Schmidt <\/p>\n","protected":false},"excerpt":{"rendered":"<p>Bei ihrer ausw\u00e4rtigen Kabinettssitzung in Br\u00fcssel hat die S\u00e4chsische Staatsregierung zentrale Weichen f\u00fcr die europapolitische Arbeit der kommenden Jahre gestellt. Im Mittelpunkt standen die neue Europastrategie sowie die Positionierung Sachsens zum EU-Finanzrahmen ab 2028. Ziel ist es, Wettbewerbsf\u00e4higkeit, Sicherheit und Zusammenhalt in Europa zu st\u00e4rken und den Regionen mehr Mitspracherecht zu sichern. Ministerpr\u00e4sident Michael Kretschmer [&hellip;]<\/p>\n","protected":false},"author":3,"featured_media":7495,"comment_status":"open","ping_status":"","sticky":false,"template":"","format":"standard","meta":{"episode_type":"","audio_file":"","podmotor_file_id":"","podmotor_episode_id":"","cover_image":"","cover_image_id":"","duration":"","filesize":"","filesize_raw":"","date_recorded":"","explicit":"","block":"","footnotes":""},"categories":[1,3,23,380,4,479,37,11,60,10,39,122,31,6,51],"tags":[15,470,445,72,186,417,14],"class_list":["post-7493","post","type-post","status-publish","format-standard","has-post-thumbnail","hentry","category-aktuelles","category-arbeit","category-auslandreisen","category-bergbau","category-digitales","category-energie","category-europa","category-ideen-innovationen-zukunft","category-international","category-nachhaltige-rohstoffwirtschaft","category-robotik","category-strukturwandel","category-wasserstoff","category-wirtschaft","category-wissenswertes","tag-bergbau","tag-dirk-panter","tag-eu","tag-eu-foerderung","tag-europa-efre","tag-europaeische-union","tag-wirtschaft"],"_links":{"self":[{"href":"https:\/\/www.smwa.sachsen.de\/blog\/wp-json\/wp\/v2\/posts\/7493","targetHints":{"allow":["GET"]}}],"collection":[{"href":"https:\/\/www.smwa.sachsen.de\/blog\/wp-json\/wp\/v2\/posts"}],"about":[{"href":"https:\/\/www.smwa.sachsen.de\/blog\/wp-json\/wp\/v2\/types\/post"}],"author":[{"embeddable":true,"href":"https:\/\/www.smwa.sachsen.de\/blog\/wp-json\/wp\/v2\/users\/3"}],"replies":[{"embeddable":true,"href":"https:\/\/www.smwa.sachsen.de\/blog\/wp-json\/wp\/v2\/comments?post=7493"}],"version-history":[{"count":1,"href":"https:\/\/www.smwa.sachsen.de\/blog\/wp-json\/wp\/v2\/posts\/7493\/revisions"}],"predecessor-version":[{"id":7503,"href":"https:\/\/www.smwa.sachsen.de\/blog\/wp-json\/wp\/v2\/posts\/7493\/revisions\/7503"}],"wp:featuredmedia":[{"embeddable":true,"href":"https:\/\/www.smwa.sachsen.de\/blog\/wp-json\/wp\/v2\/media\/7495"}],"wp:attachment":[{"href":"https:\/\/www.smwa.sachsen.de\/blog\/wp-json\/wp\/v2\/media?parent=7493"}],"wp:term":[{"taxonomy":"category","embeddable":true,"href":"https:\/\/www.smwa.sachsen.de\/blog\/wp-json\/wp\/v2\/categories?post=7493"},{"taxonomy":"post_tag","embeddable":true,"href":"https:\/\/www.smwa.sachsen.de\/blog\/wp-json\/wp\/v2\/tags?post=7493"}],"curies":[{"name":"wp","href":"https:\/\/api.w.org\/{rel}","templated":true}]}}