{"id":7400,"date":"2025-10-27T08:34:23","date_gmt":"2025-10-27T07:34:23","guid":{"rendered":"https:\/\/www.smwa.sachsen.de\/blog\/?p=7400"},"modified":"2025-10-29T09:37:02","modified_gmt":"2025-10-29T08:37:02","slug":"sebastian-scheel-tritt-sein-amt-als-staatssekretaer-und-amtschef-an","status":"publish","type":"post","link":"https:\/\/www.smwa.sachsen.de\/blog\/2025\/10\/27\/sebastian-scheel-tritt-sein-amt-als-staatssekretaer-und-amtschef-an\/","title":{"rendered":"Sebastian Scheel tritt sein Amt als Staatssekret\u00e4r und Amtschef an"},"content":{"rendered":"\n<p>Am 24. Oktober 2025 hat Sebastian Scheel die Aufgaben als Staatssekret\u00e4r und Amtschef im S\u00e4chsischen Staatsministerium f\u00fcr Wirtschaft, Arbeit, Energie und Klimaschutz (SMWA) \u00fcbernommen. Staatsminister Dirk Panter \u00fcberreichte ihm die Ernennungsurkunde und sagte: \u00bbSeine Erfahrungen als Staatssekret\u00e4r und Senator in Berlin sowie seine fundierten Kenntnisse der Energiewirtschaft sind eine wichtige Bereicherung f\u00fcr unser Haus. Ich begr\u00fc\u00dfe Sebastian Scheel herzlich in unserem Team und zur\u00fcck in Sachsen.\u00ab<\/p>\n\n\n\n<!--more-->\n\n\n\n<p>Scheel kehrt mit seinem Amtsantritt von Berlin nach Sachsen zur\u00fcck. Der 49-J\u00e4hrige war in der Hauptstadt von 2017 bis 2020 als Staatssekret\u00e4r und anschlie\u00dfend bis 2021 als Senator f\u00fcr Stadtentwicklung und Wohnen t\u00e4tig. Zuvor war er \u00fcber viele Jahre im S\u00e4chsischen Landtag aktiv \u2013 unter anderem als Vorsitzender des Haushalts- und Finanzausschusses sowie Parlamentarischer Gesch\u00e4ftsf\u00fchrer der Linksfraktion.<\/p>\n\n\n\n<p>Sebastian Scheel: \u00bbWirtschaft, Arbeit, Energie und Klimaschutz m\u00fcssen zusammenwirken, um Wachstum, gute Arbeitspl\u00e4tze und die nachhaltige Entwicklung Sachsens zu sichern. Es gilt, Wachstumschancen zu nutzen und die Lebensqualit\u00e4t der Menschen langfristig zu st\u00e4rken \u2013 mit einer Politik, die den Menschen dient, Unternehmen f\u00f6rdert und Verantwortung f\u00fcr kommende Generationen \u00fcbernimmt.\u00ab<\/p>\n\n\n\n<div class=\"wp-block-columns is-layout-flex wp-container-core-columns-is-layout-9d6595d7 wp-block-columns-is-layout-flex\">\n<div class=\"wp-block-column is-layout-flow wp-block-column-is-layout-flow\" style=\"flex-basis:66.66%\">\n<p>Die Amts\u00fcbergabe fand im Foyer des SMWA an der Wilhelm-Buck-Stra\u00dfe im Beisein zahlreicher Mitarbeitender statt. Minister Panter dankte dem scheidenden Staatssekret\u00e4r Thomas Kralinski f\u00fcr die geleistete Arbeit und sein Engagement seit Februar 2022. Kralinski habe ma\u00dfgeblich dazu beigetragen, die wirtschaftliche Entwicklung Sachsens voranzutreiben \u2013 etwa bei der Ansiedlung von TSMC in Dresden, der Transformation in der Lausitz und beim Ausbau neuer Zukunftsbranchen.<\/p>\n<\/div>\n\n\n\n<div class=\"wp-block-column is-layout-flow wp-block-column-is-layout-flow\" style=\"flex-basis:33.33%\">\n<figure class=\"wp-block-image size-full\"><img decoding=\"async\" src=\"https:\/\/www.smwa.sachsen.de\/blog\/wp-content\/uploads\/2025\/10\/IMG_1265.jpeg\" alt=\"\" class=\"wp-image-7402\"\/><figcaption class=\"wp-element-caption\">Thomas Kralinski<\/figcaption><\/figure>\n<\/div>\n<\/div>\n\n\n\n<h2 class=\"wp-block-heading\">Staatssekret\u00e4r und Amtschef Sebastian Scheel <\/h2>\n\n\n\n<div class=\"wp-block-columns is-layout-flex wp-container-core-columns-is-layout-9d6595d7 wp-block-columns-is-layout-flex\">\n<div class=\"wp-block-column is-layout-flow wp-block-column-is-layout-flow\" style=\"flex-basis:33.33%\">\n<figure class=\"wp-block-image size-large\"><img loading=\"lazy\" decoding=\"async\" width=\"1280\" height=\"853\" src=\"https:\/\/www.smwa.sachsen.de\/blog\/wp-content\/uploads\/2025\/10\/2025-StS-AC-Sebastian-Scheel_Juergen-Loesel_3-1280x853.jpg\" alt=\"\" class=\"wp-image-7438\" srcset=\"https:\/\/www.smwa.sachsen.de\/blog\/wp-content\/uploads\/2025\/10\/2025-StS-AC-Sebastian-Scheel_Juergen-Loesel_3-1280x853.jpg 1280w, https:\/\/www.smwa.sachsen.de\/blog\/wp-content\/uploads\/2025\/10\/2025-StS-AC-Sebastian-Scheel_Juergen-Loesel_3-430x287.jpg 430w\" sizes=\"auto, (max-width: 1280px) 100vw, 1280px\" \/><figcaption class=\"wp-element-caption\">Sebastian Scheel<\/figcaption><\/figure>\n<\/div>\n\n\n\n<div class=\"wp-block-column is-layout-flow wp-block-column-is-layout-flow\" style=\"flex-basis:66.66%\">\n<p>Sebastian Scheel wurde am 7. Dezember 1975 in Wriezen geboren und wuchs in Frankfurt (Oder) auf. Von 1996 bis 2004 studierte er Politikwissenschaft, Volkswirtschaftslehre und Philosophie an der Universit\u00e4t in Leipzig, wo er von 1999 bis 2004 auch Stadtrat war. Nach seinem Studium zog er als Abgeordneter f\u00fcr die damalige PDS in den S\u00e4chsischen Landtag ein. Von 2004 an war er unter anderem Mitglied im Haushalts- und Finanzausschuss und von 2009 bis 2014 dessen Vorsitzender. Von 2014 bis 2017 \u00fcbernahm er die Aufgabe des Parlamentarischen Gesch\u00e4ftsf\u00fchrers der Linksfraktion.<\/p>\n\n\n\n<p>Scheel kehrte mit seinem Amtsantritt im SMWA am 24. Oktober 2025 von Berlin zur\u00fcck nach Sachsen. In der Hauptstadt war er von 2017 bis 2020 als Staatssekret\u00e4r und anschlie\u00dfend bis 2021 als Senator f\u00fcr Stadtentwicklung und Wohnen t\u00e4tig. Bei den Wahlen im Oktober 2021 und M\u00e4rz 2023 zog er f\u00fcr die Partei Die Linke ins Berliner Abgeordnetenhaus ein. Im Oktober 2024 trat er aus der Partei Die Linke aus und war bis zu seinem Wechsel parteilos f\u00fcr die Fraktion Die Linke als Sprecher f\u00fcr Energie und Betriebe sowie als Mitglied im Ausschuss f\u00fcr Wirtschaft, Energie und Betriebe aktiv.<\/p>\n<\/div>\n<\/div>\n","protected":false},"excerpt":{"rendered":"<p>Am 24. Oktober 2025 hat Sebastian Scheel die Aufgaben als Staatssekret\u00e4r und Amtschef im S\u00e4chsischen Staatsministerium f\u00fcr Wirtschaft, Arbeit, Energie und Klimaschutz (SMWA) \u00fcbernommen. Staatsminister Dirk Panter \u00fcberreichte ihm die Ernennungsurkunde und sagte: \u00bbSeine Erfahrungen als Staatssekret\u00e4r und Senator in Berlin sowie seine fundierten Kenntnisse der Energiewirtschaft sind eine wichtige Bereicherung f\u00fcr unser Haus. Ich [&hellip;]<\/p>\n","protected":false},"author":3,"featured_media":7401,"comment_status":"open","ping_status":"","sticky":false,"template":"","format":"standard","meta":{"episode_type":"","audio_file":"","podmotor_file_id":"","podmotor_episode_id":"","cover_image":"","cover_image_id":"","duration":"","filesize":"","filesize_raw":"","date_recorded":"","explicit":"","block":"","footnotes":""},"categories":[1],"tags":[470,516,199],"class_list":["post-7400","post","type-post","status-publish","format-standard","has-post-thumbnail","hentry","category-aktuelles","tag-dirk-panter","tag-sebastian-scheel","tag-thomas-kralinski"],"_links":{"self":[{"href":"https:\/\/www.smwa.sachsen.de\/blog\/wp-json\/wp\/v2\/posts\/7400","targetHints":{"allow":["GET"]}}],"collection":[{"href":"https:\/\/www.smwa.sachsen.de\/blog\/wp-json\/wp\/v2\/posts"}],"about":[{"href":"https:\/\/www.smwa.sachsen.de\/blog\/wp-json\/wp\/v2\/types\/post"}],"author":[{"embeddable":true,"href":"https:\/\/www.smwa.sachsen.de\/blog\/wp-json\/wp\/v2\/users\/3"}],"replies":[{"embeddable":true,"href":"https:\/\/www.smwa.sachsen.de\/blog\/wp-json\/wp\/v2\/comments?post=7400"}],"version-history":[{"count":4,"href":"https:\/\/www.smwa.sachsen.de\/blog\/wp-json\/wp\/v2\/posts\/7400\/revisions"}],"predecessor-version":[{"id":7440,"href":"https:\/\/www.smwa.sachsen.de\/blog\/wp-json\/wp\/v2\/posts\/7400\/revisions\/7440"}],"wp:featuredmedia":[{"embeddable":true,"href":"https:\/\/www.smwa.sachsen.de\/blog\/wp-json\/wp\/v2\/media\/7401"}],"wp:attachment":[{"href":"https:\/\/www.smwa.sachsen.de\/blog\/wp-json\/wp\/v2\/media?parent=7400"}],"wp:term":[{"taxonomy":"category","embeddable":true,"href":"https:\/\/www.smwa.sachsen.de\/blog\/wp-json\/wp\/v2\/categories?post=7400"},{"taxonomy":"post_tag","embeddable":true,"href":"https:\/\/www.smwa.sachsen.de\/blog\/wp-json\/wp\/v2\/tags?post=7400"}],"curies":[{"name":"wp","href":"https:\/\/api.w.org\/{rel}","templated":true}]}}