{"id":7105,"date":"2025-09-04T12:51:38","date_gmt":"2025-09-04T10:51:38","guid":{"rendered":"https:\/\/www.smwa.sachsen.de\/blog\/?p=7105"},"modified":"2025-09-05T08:20:25","modified_gmt":"2025-09-05T06:20:25","slug":"energiewende-im-dialog-dirk-panter-beim-lvz-leipziger-volkszeitung-forum-in-naunhof","status":"publish","type":"post","link":"https:\/\/www.smwa.sachsen.de\/blog\/2025\/09\/04\/energiewende-im-dialog-dirk-panter-beim-lvz-leipziger-volkszeitung-forum-in-naunhof\/","title":{"rendered":"Energiewende im Dialog: Dirk Panter beim LVZ Leipziger Volkszeitung-Forum in Naunhof"},"content":{"rendered":"\n<p>Wie gelingt der Ausbau erneuerbarer Energien in Sachsen \u2013 und wie schaffen wir Akzeptanz vor Ort? Diese Fragen standen im Mittelpunkt einer lebhaften und respektvollen Diskussionsrunde in Naunhof, zu der die <a href=\"https:\/\/www.lvz.de\/politik\/regional\/wird-finanzielle-beteiligung-die-fronten-im-windenergie-streit-in-sachsen-aendern-BDP67PQW2RGGLNOUTREX3WQCRI.html\">Leipziger Volkszeitung<\/a> eingeladen hatte. Rund 500 B\u00fcrgerinnen und B\u00fcrger nutzten die Gelegenheit, um ihre Fragen und Sorgen direkt an Politik und Fachleute zu richten.<\/p>\n\n\n\n<!--more-->\n\n\n\n<p>Sachsens Energieminister Dirk Panter betonte dabei die klare Linie des Freistaats: \u00bbUnser Ziel bleibt klar: eine sichere, saubere und bezahlbare Energieversorgung f\u00fcr Sachsen zu gew\u00e4hrleisten. Daf\u00fcr setzen wir konsequent auf den Ausbau erneuerbarer Energien und pragmatische L\u00f6sungen beim Netzausbau. Moderne Windkraftanlagen bringen nicht nur saubere Energie, sondern auch erhebliche Einnahmen f\u00fcr die Kommunen \u2013 durch Pachten und Gewerbesteuern, die vor Ort bleiben. So entsteht Akzeptanz, und wir schaffen die Grundlage, um die Energiezukunft erfolgreich zu gestalten \u2013 ohne Menschen zu \u00fcberlasten.\u00ab<\/p>\n\n\n\n<div class=\"wp-block-columns is-layout-flex wp-container-core-columns-is-layout-9d6595d7 wp-block-columns-is-layout-flex\">\n<div class=\"wp-block-column is-layout-flow wp-block-column-is-layout-flow\">\n<figure class=\"wp-block-image size-full\"><img loading=\"lazy\" decoding=\"async\" width=\"1280\" height=\"960\" src=\"https:\/\/www.smwa.sachsen.de\/blog\/wp-content\/uploads\/2025\/09\/5316550556577301449.jpg\" alt=\"\" class=\"wp-image-7110\" srcset=\"https:\/\/www.smwa.sachsen.de\/blog\/wp-content\/uploads\/2025\/09\/5316550556577301449.jpg 1280w, https:\/\/www.smwa.sachsen.de\/blog\/wp-content\/uploads\/2025\/09\/5316550556577301449-430x323.jpg 430w, https:\/\/www.smwa.sachsen.de\/blog\/wp-content\/uploads\/2025\/09\/5316550556577301449-768x576.jpg 768w\" sizes=\"auto, (max-width: 1280px) 100vw, 1280px\" \/><\/figure>\n<\/div>\n\n\n\n<div class=\"wp-block-column is-layout-flow wp-block-column-is-layout-flow\">\n<figure class=\"wp-block-image size-full\"><img loading=\"lazy\" decoding=\"async\" width=\"1280\" height=\"960\" src=\"https:\/\/www.smwa.sachsen.de\/blog\/wp-content\/uploads\/2025\/09\/5316550556577301390.jpg\" alt=\"\" class=\"wp-image-7106\" srcset=\"https:\/\/www.smwa.sachsen.de\/blog\/wp-content\/uploads\/2025\/09\/5316550556577301390.jpg 1280w, https:\/\/www.smwa.sachsen.de\/blog\/wp-content\/uploads\/2025\/09\/5316550556577301390-430x323.jpg 430w, https:\/\/www.smwa.sachsen.de\/blog\/wp-content\/uploads\/2025\/09\/5316550556577301390-768x576.jpg 768w\" sizes=\"auto, (max-width: 1280px) 100vw, 1280px\" \/><\/figure>\n<\/div>\n<\/div>\n\n\n\n<p>Mit dem Erneuerbare-Energien-Ertragsgesetz sorgt Sachsen daf\u00fcr, dass Kommunen k\u00fcnftig direkt von neuen Anlagen profitieren. Ab 2025 erhalten sie 0,3 Cent je erzeugter Kilowattstunde \u2013 ein zus\u00e4tzlicher finanzieller Spielraum f\u00fcr Projekte vor Ort.<\/p>\n\n\n\n<p>Gleichzeitig machte Panter deutlich: Beim Ausbau der Erneuerbaren, insbesondere der Windkraft, hat Sachsen Nachholbedarf. Andere ostdeutsche Bundesl\u00e4nder seien schneller unterwegs \u2013 hier will der Freistaat mehr Tempo machen, um Klimaziele und Versorgungssicherheit zu erreichen.<\/p>\n\n\n\n<p>Herzlichen Dank an die Leipziger Volkszeitung f\u00fcr die Organisation und an alle Teilnehmenden f\u00fcr den sachlichen und respektvollen Dialog. Solche Runden sind unverzichtbar, um gemeinsam Akzeptanz und L\u00f6sungen f\u00fcr Sachsens Energiezukunft zu schaffen.<\/p>\n\n\n\n<p>Zum Nachh\u00f6ren gibt es den Talk au\u00dferdem im Podcast der <a href=\"https:\/\/www.saechsische.de\/politik\/zum-hoeren-politik-in-sachsen-der-podcast-JRYF3KA63MVH4YTFWFBMGLNXBM.html\">S\u00e4chsischen Zeitung \u00bbPolitik in Sachse<\/a>n\u00ab: <a href=\"https:\/\/www.saechsische.de\/politik\/zum-hoeren-politik-in-sachsen-der-podcast-JRYF3KA63MVH4YTFWFBMGLNXBM.html\">https:\/\/www.saechsische.de\/politik\/zum-hoeren-politik-in-sachsen-der-podcast-JRYF3KA63MVH4YTFWFBMGLNXBM.html<\/a> <\/p>\n\n\n\n<p>Mehr Hintergr\u00fcnde zur Energiezukunft in Sachsen gibt es hier: <a href=\"https:\/\/www.smwa.sachsen.de\/blog\/2025\/07\/29\/sachsen-auf-dem-weg-zur-energiezukunft-wie-sonne-wind-und-speicher-unsere-versorgung-kuenftig-sichern\/\">https:\/\/www.smwa.sachsen.de\/blog\/2025\/07\/29\/sachsen-auf-dem-weg-zur-energiezukunft-wie-sonne-wind-und-speicher-unsere-versorgung-kuenftig-sichern\/<\/a> <\/p>\n\n\n\n<figure class=\"wp-block-embed is-type-wp-embed is-provider-zukunftblog wp-block-embed-zukunftblog\"><div class=\"wp-block-embed__wrapper\">\n<blockquote class=\"wp-embedded-content\" data-secret=\"2YbSrgdeIp\"><a href=\"https:\/\/www.smwa.sachsen.de\/blog\/2025\/07\/29\/sachsen-auf-dem-weg-zur-energiezukunft-wie-sonne-wind-und-speicher-unsere-versorgung-kuenftig-sichern\/\">Sachsen auf dem Weg zur Energiezukunft: Wie Sonne, Wind und Speicher unsere Versorgung k\u00fcnftig sichern<\/a><\/blockquote><iframe loading=\"lazy\" class=\"wp-embedded-content\" sandbox=\"allow-scripts\" security=\"restricted\" style=\"position: absolute; visibility: hidden;\" title=\"\u00bbSachsen auf dem Weg zur Energiezukunft: Wie Sonne, Wind und Speicher unsere Versorgung k\u00fcnftig sichern\u00ab &#8212; #ZUKUNFTblog\" src=\"https:\/\/www.smwa.sachsen.de\/blog\/2025\/07\/29\/sachsen-auf-dem-weg-zur-energiezukunft-wie-sonne-wind-und-speicher-unsere-versorgung-kuenftig-sichern\/embed\/#?secret=7PHnamKLH7#?secret=2YbSrgdeIp\" data-secret=\"2YbSrgdeIp\" width=\"600\" height=\"338\" frameborder=\"0\" marginwidth=\"0\" marginheight=\"0\" scrolling=\"no\"><\/iframe>\n<\/div><\/figure>\n\n\n\n<figure class=\"wp-block-image size-full\"><img loading=\"lazy\" decoding=\"async\" width=\"1280\" height=\"960\" src=\"https:\/\/www.smwa.sachsen.de\/blog\/wp-content\/uploads\/2025\/09\/5316550556577301394.jpg\" alt=\"\" class=\"wp-image-7108\" srcset=\"https:\/\/www.smwa.sachsen.de\/blog\/wp-content\/uploads\/2025\/09\/5316550556577301394.jpg 1280w, https:\/\/www.smwa.sachsen.de\/blog\/wp-content\/uploads\/2025\/09\/5316550556577301394-430x323.jpg 430w, https:\/\/www.smwa.sachsen.de\/blog\/wp-content\/uploads\/2025\/09\/5316550556577301394-768x576.jpg 768w\" sizes=\"auto, (max-width: 1280px) 100vw, 1280px\" \/><\/figure>\n","protected":false},"excerpt":{"rendered":"<p>Wie gelingt der Ausbau erneuerbarer Energien in Sachsen \u2013 und wie schaffen wir Akzeptanz vor Ort? Diese Fragen standen im Mittelpunkt einer lebhaften und respektvollen Diskussionsrunde in Naunhof, zu der die Leipziger Volkszeitung eingeladen hatte. Rund 500 B\u00fcrgerinnen und B\u00fcrger nutzten die Gelegenheit, um ihre Fragen und Sorgen direkt an Politik und Fachleute zu richten.<\/p>\n","protected":false},"author":3,"featured_media":7107,"comment_status":"open","ping_status":"","sticky":false,"template":"","format":"standard","meta":{"episode_type":"","audio_file":"","podmotor_file_id":"","podmotor_episode_id":"","cover_image":"","cover_image_id":"","duration":"","filesize":"","filesize_raw":"","date_recorded":"","explicit":"","block":"","footnotes":""},"categories":[1,479,476],"tags":[470,26,239,404,489],"class_list":["post-7105","post","type-post","status-publish","format-standard","has-post-thumbnail","hentry","category-aktuelles","category-energie","category-klimaschutz","tag-dirk-panter","tag-diskussion","tag-energie","tag-energiewende","tag-windkraft"],"_links":{"self":[{"href":"https:\/\/www.smwa.sachsen.de\/blog\/wp-json\/wp\/v2\/posts\/7105","targetHints":{"allow":["GET"]}}],"collection":[{"href":"https:\/\/www.smwa.sachsen.de\/blog\/wp-json\/wp\/v2\/posts"}],"about":[{"href":"https:\/\/www.smwa.sachsen.de\/blog\/wp-json\/wp\/v2\/types\/post"}],"author":[{"embeddable":true,"href":"https:\/\/www.smwa.sachsen.de\/blog\/wp-json\/wp\/v2\/users\/3"}],"replies":[{"embeddable":true,"href":"https:\/\/www.smwa.sachsen.de\/blog\/wp-json\/wp\/v2\/comments?post=7105"}],"version-history":[{"count":2,"href":"https:\/\/www.smwa.sachsen.de\/blog\/wp-json\/wp\/v2\/posts\/7105\/revisions"}],"predecessor-version":[{"id":7112,"href":"https:\/\/www.smwa.sachsen.de\/blog\/wp-json\/wp\/v2\/posts\/7105\/revisions\/7112"}],"wp:featuredmedia":[{"embeddable":true,"href":"https:\/\/www.smwa.sachsen.de\/blog\/wp-json\/wp\/v2\/media\/7107"}],"wp:attachment":[{"href":"https:\/\/www.smwa.sachsen.de\/blog\/wp-json\/wp\/v2\/media?parent=7105"}],"wp:term":[{"taxonomy":"category","embeddable":true,"href":"https:\/\/www.smwa.sachsen.de\/blog\/wp-json\/wp\/v2\/categories?post=7105"},{"taxonomy":"post_tag","embeddable":true,"href":"https:\/\/www.smwa.sachsen.de\/blog\/wp-json\/wp\/v2\/tags?post=7105"}],"curies":[{"name":"wp","href":"https:\/\/api.w.org\/{rel}","templated":true}]}}