{"id":6720,"date":"2025-05-09T08:07:22","date_gmt":"2025-05-09T06:07:22","guid":{"rendered":"https:\/\/www.smwa.sachsen.de\/blog\/?p=6720"},"modified":"2025-05-09T08:22:23","modified_gmt":"2025-05-09T06:22:23","slug":"herzlichen-glueckwunsch-doebeln-zieht-seinen-stiefel-durch-und-gewinnt-wettbewerb-ab-in-die-mitte","status":"publish","type":"post","link":"https:\/\/www.smwa.sachsen.de\/blog\/2025\/05\/09\/herzlichen-glueckwunsch-doebeln-zieht-seinen-stiefel-durch-und-gewinnt-wettbewerb-ab-in-die-mitte\/","title":{"rendered":"Herzlichen Gl\u00fcckwunsch! D\u00f6beln zieht seinen Stiefel durch und gewinnt Wettbewerb \u00bbAb in die Mitte!\u00ab"},"content":{"rendered":"\n<p>42 s\u00e4chsische Kommunen mit insgesamt 46 Projekten haben sich im Jahr 2024 am 21. Innenstadtwettbewerb \u00bbAb in die Mitte! Die City-Offensive Sachsen\u00ab beteiligt. Am 8. Mai 2025 hat der s\u00e4chsische Wirtschaftsstaatssekret\u00e4r Thomas Kralinski die Siegerkommune D\u00f6beln mit einem symbolischen Scheck in H\u00f6he von 60.000 Euro ausgezeichnet.<\/p>\n\n\n\n<!--more-->\n\n\n\n<p>Die Gro\u00dfe Kreisstadt im Landkreis Mittelsachsen hat sich die Siegespr\u00e4mie mit dem Projekt \u00bbSTIEFELPARADE f\u00fcr einen PARADESTIEFEL \u2013 ein Riese wird 100\u00ab gesichert. Konkret werden zw\u00f6lf Riesenstiefel an verschiedenen Stellen in der Innenstadt und an anderen Orten aufgestellt. Elf Stiefelplastikrohlinge sind mittlerweile in D\u00f6beln angekommen. Als erster Stiefel wird der \u00bbLesestiefel\u00ab bei der D\u00f6belner Kulturnacht am 9. Mai auf dem Lutherplatz direkt vor der Stadtbibliothek enth\u00fcllt.<\/p>\n\n\n\n<p>Weitere Themenstiefel sind in der Vorbereitung und werden von K\u00fcnstlerinnen und K\u00fcnstlern der Region gemeinsam mit Sch\u00fclern und interessierten B\u00fcrgern gestaltet. Diese sollen schrittweise im 100. Jubil\u00e4umsjahr des D\u00f6belner Riesenstiefels aufgestellt werden. So soll etwa in \u00bbKarls Erlebnis-Dorf\u00ab ein Erdbeerstiefel die Besucher motivieren, auch das D\u00f6belner Stadtzentrum zu besuchen. Ein anderer Stiefel wird von der Produktionsfirma selbst nach Vorgaben der Stadt als \u00bbSeifenstiefel\u00ab gestaltet. Dieser soll an die traditionsreiche Geschichte der Seifenproduktion in D\u00f6beln erinnern.<\/p>\n\n\n\n<div data-wp-interactive=\"core\/file\" class=\"wp-block-file\"><object data-wp-bind--hidden=\"!state.hasPdfPreview\" hidden class=\"wp-block-file__embed\" data=\"https:\/\/www.smwa.sachsen.de\/blog\/wp-content\/uploads\/2025\/05\/Doebeln_Stiefelparade_Projektskizze-Wettbewerb-2024.pdf\" type=\"application\/pdf\" style=\"width:100%;height:600px\" aria-label=\"Einbettung von D\u00f6beln_Stiefelparade_Projektskizze Wettbewerb 2024.\"><\/object><a id=\"wp-block-file--media-b3cd2aa0-b515-46cc-b333-32c240995eda\" href=\"https:\/\/www.smwa.sachsen.de\/blog\/wp-content\/uploads\/2025\/05\/Doebeln_Stiefelparade_Projektskizze-Wettbewerb-2024.pdf\">D\u00f6beln_Stiefelparade_Projektskizze Wettbewerb 2024<\/a><a href=\"https:\/\/www.smwa.sachsen.de\/blog\/wp-content\/uploads\/2025\/05\/Doebeln_Stiefelparade_Projektskizze-Wettbewerb-2024.pdf\" class=\"wp-block-file__button wp-element-button\" download aria-describedby=\"wp-block-file--media-b3cd2aa0-b515-46cc-b333-32c240995eda\">Herunterladen<\/a><\/div>\n\n\n\n<h2 class=\"wp-block-heading\">Stimmen zum Siegerprojekt <\/h2>\n\n\n\n<p><strong>Wirtschaftsstaatssekret\u00e4r Thomas Kralinski:<\/strong> \u00bbD\u00f6beln hat mit seinem Projekt gezeigt, dass aus Tradition Zukunft gestaltet werden kann. Das siegreiche Vorhaben holt mit neuen Ideen die Tradition des 1925 gefertigten D\u00f6belner Riesenstiefels in die Gegenwart. Fotomotive und Treffpunkte entstehen. Das Motto des Jahres 2024 \u2013 ,Auf\u2039n Halt \u2013 Stadtmitte hat immer Saison\u2039 \u2013 ist damit perfekt aufgegriffen. Die ,Stiefelparade\u2039 wird die Besucher aus nah und fern in die Innenstadt ziehen.\u00ab<\/p>\n\n\n\n<p><strong>Sven Liebhauser, Oberb\u00fcrgermeister der Stadt D\u00f6beln:<\/strong> \u00bbWir sind gl\u00fccklich und dankbar, dass wir den ersten Preis erhalten haben. Diese finanzielle Unterst\u00fctzung hat uns geholfen, das Projekt STIEFELPARADE z\u00fcgig umzusetzen. Wir sind dabei auch der Empfehlung der Jury gefolgt, die Stiefelplastiken noch gr\u00f6\u00dfer zu machen als urspr\u00fcnglich vorgesehen. Sie sind jetzt 2,50 Meter hoch.\u00ab<\/p>\n\n\n\n<p><strong>Regina Kraushaar, Staatsministerin f\u00fcr Infrastruktur und Landesentwicklung:<\/strong> \u00bbDie Stiefelstadt D\u00f6beln zeigt, wie mit kreativen Mitteln mehr Leben in eine Innenstadt gebracht werden kann. Solche Ideen pr\u00e4gen das Lebensgef\u00fchl vor Ort und st\u00e4rken auch den station\u00e4ren Einzelhandel. F\u00fcr die Innenstadtentwicklung braucht es diese nachhaltigen Impulse! Der Wettbewerb bietet eine hervorragende Gelegenheit, unterschiedliche Ans\u00e4tze zur St\u00e4rkung der Innenst\u00e4dte zu pr\u00e4sentieren. Deshalb m\u00f6chte ich auch allen teilnehmenden Kommunen f\u00fcr ihr beharrliches Engagement danken.\u00ab<\/p>\n\n\n\n<figure class=\"wp-block-image size-large\"><img loading=\"lazy\" decoding=\"async\" width=\"1280\" height=\"853\" src=\"https:\/\/www.smwa.sachsen.de\/blog\/wp-content\/uploads\/2025\/05\/2025-05-08-Scheckuebergabe-Ab-in-die-Mitte-29-1280x853.jpeg\" alt=\"\" class=\"wp-image-6725\" srcset=\"https:\/\/www.smwa.sachsen.de\/blog\/wp-content\/uploads\/2025\/05\/2025-05-08-Scheckuebergabe-Ab-in-die-Mitte-29-1280x853.jpeg 1280w, https:\/\/www.smwa.sachsen.de\/blog\/wp-content\/uploads\/2025\/05\/2025-05-08-Scheckuebergabe-Ab-in-die-Mitte-29-430x287.jpeg 430w, https:\/\/www.smwa.sachsen.de\/blog\/wp-content\/uploads\/2025\/05\/2025-05-08-Scheckuebergabe-Ab-in-die-Mitte-29-768x512.jpeg 768w, https:\/\/www.smwa.sachsen.de\/blog\/wp-content\/uploads\/2025\/05\/2025-05-08-Scheckuebergabe-Ab-in-die-Mitte-29-1536x1024.jpeg 1536w, https:\/\/www.smwa.sachsen.de\/blog\/wp-content\/uploads\/2025\/05\/2025-05-08-Scheckuebergabe-Ab-in-die-Mitte-29-2048x1365.jpeg 2048w\" sizes=\"auto, (max-width: 1280px) 100vw, 1280px\" \/><figcaption class=\"wp-element-caption\"><strong>Scheck\u00fcbergabe \u00bbAb in die Mitte!\u00ab in D\u00f6beln (Bildrechte: Stadt D\u00f6beln)<\/strong> &#8211; von links nach rechts: Dr. Cindy Krause (IHK Chemnitz, Gesch\u00e4ftsf\u00fchrerin Regionalkammer Mittelsachsen), MdL Henning Homann, Staatssekret\u00e4r Thomas Kralinski, Sven Liebhauser (Oberb\u00fcrgermeister D\u00f6beln), K\u00fcnstlerin Olga Scheck, Jan Hasek (EDEKA), Simone Epperlein (SachsenLotto), Dr. Eddy Donat (Projektleitung \u00bbAb in die Mitte\u00ab).&nbsp;<\/figcaption><\/figure>\n\n\n\n<h2 class=\"wp-block-heading\">Auswahl weiterer pr\u00e4mierter Projekte des 21. Wettbewerbs<\/h2>\n\n\n\n<figure class=\"wp-block-embed is-type-wp-embed is-provider-zukunftblog wp-block-embed-zukunftblog\"><div class=\"wp-block-embed__wrapper\">\n<blockquote class=\"wp-embedded-content\" data-secret=\"l8dDN81HDU\"><a href=\"https:\/\/www.smwa.sachsen.de\/blog\/2025\/03\/24\/city-wettbewerb-staatssekretaer-kralinski-uebergibt-60-000-euro-fuer-zwei-praemierte-chemnitzer-projekte\/\">City-Wettbewerb \u00bbAb in die Mitte!\u00ab: Chemnitz \u00fcberzeugt mit zwei Projekten<\/a><\/blockquote><iframe loading=\"lazy\" class=\"wp-embedded-content\" sandbox=\"allow-scripts\" security=\"restricted\" style=\"position: absolute; visibility: hidden;\" title=\"\u00bbCity-Wettbewerb \u00bbAb in die Mitte!\u00ab: Chemnitz \u00fcberzeugt mit zwei Projekten\u00ab &#8212; #ZUKUNFTblog\" src=\"https:\/\/www.smwa.sachsen.de\/blog\/2025\/03\/24\/city-wettbewerb-staatssekretaer-kralinski-uebergibt-60-000-euro-fuer-zwei-praemierte-chemnitzer-projekte\/embed\/#?secret=y6PC8Ohb4K#?secret=l8dDN81HDU\" data-secret=\"l8dDN81HDU\" width=\"600\" height=\"338\" frameborder=\"0\" marginwidth=\"0\" marginheight=\"0\" scrolling=\"no\"><\/iframe>\n<\/div><\/figure>\n\n\n\n<figure class=\"wp-block-embed is-type-wp-embed is-provider-zukunftblog wp-block-embed-zukunftblog\"><div class=\"wp-block-embed__wrapper\">\n<blockquote class=\"wp-embedded-content\" data-secret=\"KvVFQPvfds\"><a href=\"https:\/\/www.smwa.sachsen.de\/blog\/2024\/11\/08\/pirna-gewinnt-sonderpreis-des-smwa-beim-city-wettbewerb-ab-in-die-mitte\/\">Pirna gewinnt Sonderpreis des SMWA beim City-Wettbewerb \u00bbAb in die Mitte!\u00ab<\/a><\/blockquote><iframe loading=\"lazy\" class=\"wp-embedded-content\" sandbox=\"allow-scripts\" security=\"restricted\" style=\"position: absolute; visibility: hidden;\" title=\"\u00bbPirna gewinnt Sonderpreis des SMWA beim City-Wettbewerb \u00bbAb in die Mitte!\u00ab\u00ab &#8212; #ZUKUNFTblog\" src=\"https:\/\/www.smwa.sachsen.de\/blog\/2024\/11\/08\/pirna-gewinnt-sonderpreis-des-smwa-beim-city-wettbewerb-ab-in-die-mitte\/embed\/#?secret=zdjlxTl5OV#?secret=KvVFQPvfds\" data-secret=\"KvVFQPvfds\" width=\"600\" height=\"338\" frameborder=\"0\" marginwidth=\"0\" marginheight=\"0\" scrolling=\"no\"><\/iframe>\n<\/div><\/figure>\n\n\n\n<p>Auerbach belegte den 3. Platz beim s\u00e4chsischen Innenstadtwettbewerb 2024. Mit dem Konzept \u00bbAltmarkt ganzj\u00e4hrig LEBEN(dig)\u00ab gewann die Gro\u00dfe Kreisstadt (Vogtlandpreis) 20.000 Euro f\u00fcr die Aufwertung des Altmarktes durch flexible B\u00fchnen, Begr\u00fcnung, barrierefreie Zug\u00e4nge und mehr Platz f\u00fcr Au\u00dfengastronomie &#8211; ein Projekt, das historische Identit\u00e4t mit moderner Aufenthaltsqualit\u00e4t verbindet. Im Rahmen des Neujahrsempfangs 2025 \u00fcberreichte Sachsens Wirtschaftsstaatssekret\u00e4r Thomas Kralinski die Auszeichnung und hielt die Laudatio. <\/p>\n\n\n\n<p>Kralinski sagte: \u00bbAuerbach im Vogtland: Hier sieht man &#8211; im Kleinen steckt Gro\u00dfes. Es ist ein tolles Konzept f\u00fcr die Neugestaltung des Altmarktes entstanden. Dahinter steckt viel Herzblut von Menschen, die sich f\u00fcr ihre Heimat einsetzen, ob Lehrer, Sportler, Unternehmer und und und\u2026. Vielen Dank f\u00fcr dieses Engagement, es macht unsere Orte lebenswert!\u00ab<\/p>\n\n\n\n<figure class=\"wp-block-gallery has-nested-images columns-default is-cropped wp-block-gallery-1 is-layout-flex wp-block-gallery-is-layout-flex\">\n<figure class=\"wp-block-image size-large\"><img loading=\"lazy\" decoding=\"async\" width=\"1280\" height=\"853\" data-id=\"6731\" src=\"https:\/\/www.smwa.sachsen.de\/blog\/wp-content\/uploads\/2025\/05\/1737444840033-1280x853.jpg\" alt=\"\" class=\"wp-image-6731\" srcset=\"https:\/\/www.smwa.sachsen.de\/blog\/wp-content\/uploads\/2025\/05\/1737444840033-1280x853.jpg 1280w, https:\/\/www.smwa.sachsen.de\/blog\/wp-content\/uploads\/2025\/05\/1737444840033-430x287.jpg 430w, https:\/\/www.smwa.sachsen.de\/blog\/wp-content\/uploads\/2025\/05\/1737444840033-768x512.jpg 768w, https:\/\/www.smwa.sachsen.de\/blog\/wp-content\/uploads\/2025\/05\/1737444840033-1536x1024.jpg 1536w, https:\/\/www.smwa.sachsen.de\/blog\/wp-content\/uploads\/2025\/05\/1737444840033.jpg 2048w\" sizes=\"auto, (max-width: 1280px) 100vw, 1280px\" \/><figcaption class=\"wp-element-caption\">Bildrechte: (Stadt Auerbach, Hagen Hartwig)<\/figcaption><\/figure>\n\n\n\n<figure class=\"wp-block-image size-large\"><img loading=\"lazy\" decoding=\"async\" width=\"1280\" height=\"911\" data-id=\"6732\" src=\"https:\/\/www.smwa.sachsen.de\/blog\/wp-content\/uploads\/2025\/05\/1737444841059-1280x911.jpg\" alt=\"\" class=\"wp-image-6732\" srcset=\"https:\/\/www.smwa.sachsen.de\/blog\/wp-content\/uploads\/2025\/05\/1737444841059-1280x911.jpg 1280w, https:\/\/www.smwa.sachsen.de\/blog\/wp-content\/uploads\/2025\/05\/1737444841059-430x306.jpg 430w, https:\/\/www.smwa.sachsen.de\/blog\/wp-content\/uploads\/2025\/05\/1737444841059-768x547.jpg 768w, https:\/\/www.smwa.sachsen.de\/blog\/wp-content\/uploads\/2025\/05\/1737444841059-1536x1093.jpg 1536w, https:\/\/www.smwa.sachsen.de\/blog\/wp-content\/uploads\/2025\/05\/1737444841059.jpg 1562w\" sizes=\"auto, (max-width: 1280px) 100vw, 1280px\" \/><\/figure>\n<\/figure>\n\n\n\n<h2 class=\"wp-block-heading\">Wettbewerb \u00bbAb in die Mitte! Die City-Offensive Sachsen\u00ab<\/h2>\n\n\n\n<p>Dieser Wettbewerb ist im Freistaat ein erfolgreiches Instrument zur kreativen und nachhaltigen Innenstadtbelebung. Bei dem 2004 ins Leben gerufenen Wettbewerb handelt es sich um eine \u00bbPublic Private Partnership\u00ab \u2013 eine von der privaten Wirtschaft (Industrie- und Handelskammern und weitere Sponsoren) gemeinsam mit dem Freistaat Sachsen getragene Initiative. Alle Kosten, die \u00fcber die Preisgelder hinausgehen, tr\u00e4gt die Wirtschaft. \u00dcber 150 s\u00e4chsische Kommunen mit \u00fcber 680 Projekten haben sich in den ersten 20 Jahren an der City-Offensive beteiligt.<\/p>\n\n\n\n<p>Die Schirmherrschaft wechselt j\u00e4hrlich zwischen dem Staatsministerium f\u00fcr Wirtschaft, Arbeit, Energie und Klimaschutz (SMWA) und dem Staatsministerium f\u00fcr Infrastruktur und Landesentwicklung (SMIL). Die Auftaktveranstaltung f\u00fcr die diesj\u00e4hrige Wettbewerbsrunde unter Schirmherrschaft des SMIL fand am 25. M\u00e4rz in der Europ\u00e4ischen Kulturhauptstadt Chemnitz statt. Das neue Wettbewerbsmotto lautet: \u00bbUnsere Stadt: Wert? MehrWert. LebensWert!\u00ab<\/p>\n\n\n\n<p>In die aktuelle Ausschreibung wurde ein Haushaltsvorbehalt aufgenommen. Sobald bekannt ist, ob und in welcher H\u00f6he Haushaltsmittel zur Verf\u00fcgung stehen, wird die H\u00f6he der Preisgelder in einer Erg\u00e4nzung zum Wettbewerb ver\u00f6ffentlicht.<\/p>\n\n\n\n<p>Weitere Informationen zu den ausgezeichneten Projekten des Jahres 2024 und fr\u00fcheren Vorhaben finden Sie auf der <a href=\"https:\/\/www.abindiemitte-sachsen.de\/\" data-type=\"link\" data-id=\"https:\/\/www.abindiemitte-sachsen.de\/\" target=\"_blank\" rel=\"noreferrer noopener\">Internetseite des City-Wettbewerbs<\/a>.<\/p>\n","protected":false},"excerpt":{"rendered":"<p>42 s\u00e4chsische Kommunen mit insgesamt 46 Projekten haben sich im Jahr 2024 am 21. Innenstadtwettbewerb \u00bbAb in die Mitte! Die City-Offensive Sachsen\u00ab beteiligt. Am 8. Mai 2025 hat der s\u00e4chsische Wirtschaftsstaatssekret\u00e4r Thomas Kralinski die Siegerkommune D\u00f6beln mit einem symbolischen Scheck in H\u00f6he von 60.000 Euro ausgezeichnet.<\/p>\n","protected":false},"author":9,"featured_media":6721,"comment_status":"open","ping_status":"open","sticky":false,"template":"","format":"standard","meta":{"episode_type":"","audio_file":"","podmotor_file_id":"","podmotor_episode_id":"","cover_image":"","cover_image_id":"","duration":"","filesize":"","filesize_raw":"","date_recorded":"","explicit":"","block":"","footnotes":""},"categories":[6],"tags":[100,490,356,198,349,408,351,199,245,14],"class_list":["post-6720","post","type-post","status-publish","format-standard","has-post-thumbnail","hentry","category-wirtschaft","tag-digitalisierung","tag-doebeln","tag-einzelhandel","tag-handel","tag-innenstadt","tag-laendlicher-raum","tag-mittelsachsen","tag-thomas-kralinski","tag-tourismus","tag-wirtschaft"],"_links":{"self":[{"href":"https:\/\/www.smwa.sachsen.de\/blog\/wp-json\/wp\/v2\/posts\/6720","targetHints":{"allow":["GET"]}}],"collection":[{"href":"https:\/\/www.smwa.sachsen.de\/blog\/wp-json\/wp\/v2\/posts"}],"about":[{"href":"https:\/\/www.smwa.sachsen.de\/blog\/wp-json\/wp\/v2\/types\/post"}],"author":[{"embeddable":true,"href":"https:\/\/www.smwa.sachsen.de\/blog\/wp-json\/wp\/v2\/users\/9"}],"replies":[{"embeddable":true,"href":"https:\/\/www.smwa.sachsen.de\/blog\/wp-json\/wp\/v2\/comments?post=6720"}],"version-history":[{"count":8,"href":"https:\/\/www.smwa.sachsen.de\/blog\/wp-json\/wp\/v2\/posts\/6720\/revisions"}],"predecessor-version":[{"id":6734,"href":"https:\/\/www.smwa.sachsen.de\/blog\/wp-json\/wp\/v2\/posts\/6720\/revisions\/6734"}],"wp:featuredmedia":[{"embeddable":true,"href":"https:\/\/www.smwa.sachsen.de\/blog\/wp-json\/wp\/v2\/media\/6721"}],"wp:attachment":[{"href":"https:\/\/www.smwa.sachsen.de\/blog\/wp-json\/wp\/v2\/media?parent=6720"}],"wp:term":[{"taxonomy":"category","embeddable":true,"href":"https:\/\/www.smwa.sachsen.de\/blog\/wp-json\/wp\/v2\/categories?post=6720"},{"taxonomy":"post_tag","embeddable":true,"href":"https:\/\/www.smwa.sachsen.de\/blog\/wp-json\/wp\/v2\/tags?post=6720"}],"curies":[{"name":"wp","href":"https:\/\/api.w.org\/{rel}","templated":true}]}}