{"id":6446,"date":"2025-04-02T17:19:50","date_gmt":"2025-04-02T15:19:50","guid":{"rendered":"https:\/\/www.smwa.sachsen.de\/blog\/?p=6446"},"modified":"2025-04-02T17:19:50","modified_gmt":"2025-04-02T15:19:50","slug":"sachsens-weg-zur-energiewende-energieminister-dirk-panter-im-interview-zu-den-sachsischen-energietagen-2025","status":"publish","type":"post","link":"https:\/\/www.smwa.sachsen.de\/blog\/2025\/04\/02\/sachsens-weg-zur-energiewende-energieminister-dirk-panter-im-interview-zu-den-sachsischen-energietagen-2025\/","title":{"rendered":"Sachsens Weg zur Energiewende: Energieminister Dirk Panter im Interview zu den S\u00e4chsischen Energietagen 2025"},"content":{"rendered":"\n<p>Wie kann Sachsen die Energiewende vorantreiben? Welche Chancen bieten erneuerbare Energien f\u00fcr Wirtschaft und B\u00fcrger? Im Rahmen der S\u00e4chsischen Energietage 2025 gibt Wirtschaftsminister Dirk Panter spannende Einblicke in die Zukunft der Energieversorgung und erkl\u00e4rt, warum der Ausbau von Solar- und Windenergie entscheidend f\u00fcr Sachsen ist. Jetzt mehr im #ZUKUNFTblog-Interview. <\/p>\n\n\n\n<!--more-->\n\n\n\n<div class=\"wp-block-columns is-layout-flex wp-container-core-columns-is-layout-9d6595d7 wp-block-columns-is-layout-flex\">\n<div class=\"wp-block-column is-layout-flow wp-block-column-is-layout-flow\">\n<figure class=\"wp-block-image size-large\"><img loading=\"lazy\" decoding=\"async\" width=\"720\" height=\"1280\" src=\"https:\/\/www.smwa.sachsen.de\/blog\/wp-content\/uploads\/2025\/03\/e_tage_soMe.vorlagen_on5-720x1280.jpg\" alt=\"\" class=\"wp-image-6447\" srcset=\"https:\/\/www.smwa.sachsen.de\/blog\/wp-content\/uploads\/2025\/03\/e_tage_soMe.vorlagen_on5-720x1280.jpg 720w, https:\/\/www.smwa.sachsen.de\/blog\/wp-content\/uploads\/2025\/03\/e_tage_soMe.vorlagen_on5-242x430.jpg 242w, https:\/\/www.smwa.sachsen.de\/blog\/wp-content\/uploads\/2025\/03\/e_tage_soMe.vorlagen_on5-768x1365.jpg 768w, https:\/\/www.smwa.sachsen.de\/blog\/wp-content\/uploads\/2025\/03\/e_tage_soMe.vorlagen_on5-864x1536.jpg 864w, https:\/\/www.smwa.sachsen.de\/blog\/wp-content\/uploads\/2025\/03\/e_tage_soMe.vorlagen_on5.jpg 1080w\" sizes=\"auto, (max-width: 720px) 100vw, 720px\" \/><\/figure>\n<\/div>\n\n\n\n<div class=\"wp-block-column is-layout-flow wp-block-column-is-layout-flow\">\n<p><strong>Warum braucht Sachsen Erneuerbare Energien (EE)?&nbsp;<\/strong><\/p>\n\n\n\n<p>Dirk Panter, Energieminister des Freistaat Sachsen: Weil wir in 20, 30 Jahren noch eine Welt haben wollen, auf der wir gut und sicher leben k\u00f6nnen. Damit unsere Kinder eine Zukunft auf ein erf\u00fclltes Leben haben und damit unsere Natur und Umwelt nachhaltig erhalten bleibt. Erneuerbare Energien machen uns unabh\u00e4ngig von fossilen Brennstoffen und damit weniger \u00bbverletzbar\u00ab in internationalen Krisen. Auch f\u00fcr den Wirtschafts- und Industriestandort Sachsen spielt eine sichere, bezahlbare und klimafreundliche Energieversorgung eine entscheidende Rolle \u2013 dies ist ein wichtiger Standortfaktor. Das sagen uns immer mehr Unternehmen. Erneuerbare Energien sichern aber nicht nur die Energiezukunft, sondern schaffen auch Wertsch\u00f6pfung im Freistaat Sachsen. Viele Unternehmen haben sich in diesem Bereich bereits gegr\u00fcndet, viele Handwerksbetriebe auf die Installation von W\u00e4rmepumpen, Solaranlagen und anderen Anwendungen spezialisiert.\u00a0<\/p>\n\n\n\n<p><strong>Wo sehen Sie Potentiale f\u00fcr Erneuerbare Energien im den Freistaat Sachsen?&nbsp;<\/strong><\/p>\n\n\n\n<p>Panter: Ich will beim Ausbau der Erneuerbaren Energien weiter vorankommen. Wir haben in Sachsen viel aufzuholen. Die Bundesregierung hat mit dem gesetzlichen Vorrang f\u00fcr EE und mit dem Fl\u00e4chenziel f\u00fcr Windenergie zwei wichtige Regelungen eingef\u00fchrt. Seitdem erleben wir einen Solar-Boom. Au\u00dferdem geht es auch beim Windkraft-Ausbau voran. Auf Dauer sichert das f\u00fcr viele Privatpersonen und Unternehmen eine Versorgung mit preiswerter Energie und die Erneuerbaren sind nun mal die g\u00fcnstigste Form. Deshalb wollen wir zum Beispiel auch den Ausbau von Photovoltaikanlagen auf Landesliegenschaften voranbringen. Auch beim Ausbau der Windenergie sehe ich noch deutliche Potenziale. Wir wollen Genehmigungsverfahren von Windenergieanlagen unb\u00fcrokratischer und schneller machen &#8211; ohne aber die Interessen der Anwohner aus dem Blick zu lassen. Dazu geh\u00f6rt auch, dass die unmittelbaren Nachbarn der Anlagen einen direkten Nutzen haben. Wichtig ist vor allem, beim Thema Speichertechnologie weiter voranzukommen. Was n\u00fctzt uns Erneuerbare Energie, wenn wir sie nicht speichern k\u00f6nnen und dahin bringen, wo sie ben\u00f6tigt wird? Energiespeicher sind daher neben der Erzeugung und Energienetzen essentiell f\u00fcr das Funktionieren des Energiesystems. Denn wir haben real zu viel Strom in unseren Netzen, den wir sinnvoll speichern m\u00fcssen.<\/p>\n<\/div>\n<\/div>\n\n\n\n<p>&nbsp;<\/p>\n\n\n\n<p><strong>Was haben B\u00fcrgerinnen und B\u00fcrger von der Energiewende und was bieten mir die S\u00e4chsischen Energietage 2025?&nbsp;<\/strong><\/p>\n\n\n\n<p>Panter: Durch das EE-Ertragsbeteiligungsgesetzes k\u00f6nnen Kommunen seit 2025 finanziell von neuen Solar- und Windkraftanlagen profitieren. Die Einnahmen k\u00f6nnen f\u00fcr Gr\u00fcnanlagen, Begegnungsst\u00e4tten oder Sport- und Freizeitangebote eingesetzt werden und kommen damit direkt bei den Menschen vor Ort an. Ich m\u00f6chte, dass k\u00fcnftig die B\u00fcrger in der Umgebung von Windanlagen direkt einen Vorteil im Portmonee sp\u00fcren. Auch die Nutzung von Balkonkraftwerken wurde vereinfacht. Optimal ausgerichtet, k\u00f6nnen zwei Paneele am Balkon etwa\u00a0400 bis 600 Kilowattstunden Strom pro Jahr\u00a0liefern. Zu diesen und weiteren Themen k\u00f6nnen sich Besucherinnen und Besucher im Rahmen der S\u00e4chsischen Energietage vom 5. bis 26. April informieren.\u00a0<\/p>\n\n\n\n<figure class=\"wp-block-embed is-type-video is-provider-youtube wp-block-embed-youtube wp-embed-aspect-16-9 wp-has-aspect-ratio\"><div class=\"wp-block-embed__wrapper\">\n <div class=\"brlbs-cmpnt-container brlbs-cmpnt-content-blocker brlbs-cmpnt-with-individual-styles\" data-borlabs-cookie-content-blocker-id=\"youtube-content-blocker\" data-borlabs-cookie-content=\"PGlmcmFtZSB0aXRsZT0iU8OkY2hzaXNjaGUgRW5lcmdpZXRhZ2UgMjAyNSIgd2lkdGg9Ijg4MCIgaGVpZ2h0PSI0OTUiIHNyYz0iaHR0cHM6Ly93d3cueW91dHViZS1ub2Nvb2tpZS5jb20vZW1iZWQvaU02R0MtTFdMNFU\/ZmVhdHVyZT1vZW1iZWQiIGZyYW1lYm9yZGVyPSIwIiBhbGxvdz0iYWNjZWxlcm9tZXRlcjsgYXV0b3BsYXk7IGNsaXBib2FyZC13cml0ZTsgZW5jcnlwdGVkLW1lZGlhOyBneXJvc2NvcGU7IHBpY3R1cmUtaW4tcGljdHVyZTsgd2ViLXNoYXJlIiByZWZlcnJlcnBvbGljeT0ic3RyaWN0LW9yaWdpbi13aGVuLWNyb3NzLW9yaWdpbiIgYWxsb3dmdWxsc2NyZWVuPjwvaWZyYW1lPg==\"><div class=\"brlbs-cmpnt-cb-preset-c brlbs-cmpnt-cb-youtube\"> <div class=\"brlbs-cmpnt-cb-thumbnail\" style=\"background-image: url('https:\/\/www.smwa.sachsen.de\/blog\/wp-content\/uploads\/borlabs-cookie\/1\/yt_iM6GC-LWL4U_hqdefault.jpg')\"><\/div> <div class=\"brlbs-cmpnt-cb-main\"> <div class=\"brlbs-cmpnt-cb-play-button\"><\/div> <div class=\"brlbs-cmpnt-cb-content\"> <p class=\"brlbs-cmpnt-cb-description\">Sie sehen gerade einen Platzhalterinhalt von <strong>YouTube<\/strong>. Um auf den eigentlichen Inhalt zuzugreifen, klicken Sie auf die Schaltfl\u00e4che unten. Bitte beachten Sie, dass dabei Daten an Drittanbieter weitergegeben werden.<\/p> <a class=\"brlbs-cmpnt-cb-provider-toggle\" href=\"#\" data-borlabs-cookie-show-provider-information role=\"button\">Mehr Informationen<\/a> <\/div> <div class=\"brlbs-cmpnt-cb-buttons\"> <a class=\"brlbs-cmpnt-cb-btn\" href=\"#\" data-borlabs-cookie-unblock role=\"button\">Inhalt entsperren<\/a> <a class=\"brlbs-cmpnt-cb-btn\" href=\"#\" data-borlabs-cookie-accept-service role=\"button\" style=\"display: inherit\">Erforderlichen Service akzeptieren und Inhalte entsperren<\/a> <\/div> <\/div> <\/div><\/div>\n<\/div><\/figure>\n","protected":false},"excerpt":{"rendered":"<p>Wie kann Sachsen die Energiewende vorantreiben? Welche Chancen bieten erneuerbare Energien f\u00fcr Wirtschaft und B\u00fcrger? Im Rahmen der S\u00e4chsischen Energietage 2025 gibt Wirtschaftsminister Dirk Panter spannende Einblicke in die Zukunft der Energieversorgung und erkl\u00e4rt, warum der Ausbau von Solar- und Windenergie entscheidend f\u00fcr Sachsen ist. Jetzt mehr im #ZUKUNFTblog-Interview.<\/p>\n","protected":false},"author":10,"featured_media":6315,"comment_status":"open","ping_status":"open","sticky":false,"template":"","format":"standard","meta":{"episode_type":"","audio_file":"","podmotor_file_id":"","podmotor_episode_id":"","cover_image":"","cover_image_id":"","duration":"","filesize":"","filesize_raw":"","date_recorded":"","explicit":"","block":"","footnotes":""},"categories":[1,479,6,51],"tags":[470,239,404,480],"class_list":["post-6446","post","type-post","status-publish","format-standard","has-post-thumbnail","hentry","category-aktuelles","category-energie","category-wirtschaft","category-wissenswertes","tag-dirk-panter","tag-energie","tag-energiewende","tag-saechsische-energietage"],"_links":{"self":[{"href":"https:\/\/www.smwa.sachsen.de\/blog\/wp-json\/wp\/v2\/posts\/6446","targetHints":{"allow":["GET"]}}],"collection":[{"href":"https:\/\/www.smwa.sachsen.de\/blog\/wp-json\/wp\/v2\/posts"}],"about":[{"href":"https:\/\/www.smwa.sachsen.de\/blog\/wp-json\/wp\/v2\/types\/post"}],"author":[{"embeddable":true,"href":"https:\/\/www.smwa.sachsen.de\/blog\/wp-json\/wp\/v2\/users\/10"}],"replies":[{"embeddable":true,"href":"https:\/\/www.smwa.sachsen.de\/blog\/wp-json\/wp\/v2\/comments?post=6446"}],"version-history":[{"count":4,"href":"https:\/\/www.smwa.sachsen.de\/blog\/wp-json\/wp\/v2\/posts\/6446\/revisions"}],"predecessor-version":[{"id":6499,"href":"https:\/\/www.smwa.sachsen.de\/blog\/wp-json\/wp\/v2\/posts\/6446\/revisions\/6499"}],"wp:featuredmedia":[{"embeddable":true,"href":"https:\/\/www.smwa.sachsen.de\/blog\/wp-json\/wp\/v2\/media\/6315"}],"wp:attachment":[{"href":"https:\/\/www.smwa.sachsen.de\/blog\/wp-json\/wp\/v2\/media?parent=6446"}],"wp:term":[{"taxonomy":"category","embeddable":true,"href":"https:\/\/www.smwa.sachsen.de\/blog\/wp-json\/wp\/v2\/categories?post=6446"},{"taxonomy":"post_tag","embeddable":true,"href":"https:\/\/www.smwa.sachsen.de\/blog\/wp-json\/wp\/v2\/tags?post=6446"}],"curies":[{"name":"wp","href":"https:\/\/api.w.org\/{rel}","templated":true}]}}