{"id":6433,"date":"2025-03-19T12:57:50","date_gmt":"2025-03-19T11:57:50","guid":{"rendered":"https:\/\/www.smwa.sachsen.de\/blog\/?p=6433"},"modified":"2025-03-19T13:21:27","modified_gmt":"2025-03-19T12:21:27","slug":"lausitz-praesentiert-in-bruessel-bewerbung-fuer-net-zero-valley","status":"publish","type":"post","link":"https:\/\/www.smwa.sachsen.de\/blog\/2025\/03\/19\/lausitz-praesentiert-in-bruessel-bewerbung-fuer-net-zero-valley\/","title":{"rendered":"Lausitz pr\u00e4sentiert in Br\u00fcssel Bewerbung f\u00fcr Net Zero Valley"},"content":{"rendered":"\n<p>Zusammen mit hochrangigen Vertretern der Lausitz sind Staatssekret\u00e4r Thomas Kralinski (Sachsen) und Staatssekret\u00e4rin Dr. Friederike Haase (Brandenburg) nach Br\u00fcssel gereist, um die bei den L\u00e4ndern einzureichende Bewerbung zum ersten Net Zero Valley in einer symbolischen \u00dcbergabe auch dem Stellvertretenden Exekutiv-Vizepr\u00e4sidenten, EU-Kommissar St\u00e9phane S\u00e9journ\u00e9, zu pr\u00e4sentieren. Dies stellt den vorl\u00e4ufigen H\u00f6hepunkt in der Zusammenarbeit der beiden L\u00e4nder beim wirtschaftlichen und sozialen Transformationsprozess der Region dar. Es dokumentiert den Willen, mit der wom\u00f6glich ersten Bewerbung zum Net Zero Valley auf europ\u00e4ischer Ebene in der ersten Liga der Regionen mitzuspielen, die als Modelle f\u00fcr gelungene Transformationsprozesse angesehen werden.<\/p>\n\n\n\n<!--more-->\n\n\n\n<p>Die Net Zero Valley- Initiative der EU verfolgt die Ziele, die Wirtschaft wettbewerbsf\u00e4higer zu machen, die Technologieabh\u00e4ngigkeit zu reduzieren und die Klima-und Energieziele zu erreichen. Daf\u00fcr hat sie insgesamt 19 Technologien definiert. Die Lausitz will sich in ihrem Valley vor allem auf vier Bereiche konzentrieren: Batterie-und Speichertechnologien, Wasserstoff- und Stromnetztechnologien sowie Technologien zur Energieeffizienz und Sektorkopplung.<\/p>\n\n\n\n<p>Die Lausitz hat im Vorfeld der Bewerbung Gro\u00dfes geleistet. Der Bottom-up-Prozess, f\u00fcr den sie sich entschieden hat, erm\u00f6glicht es, dass sich die ganze Region mit ihren B\u00fcrgerinnen und B\u00fcrger, der Wirtschaft und den Verwaltungen hinter das Ziel einer neuen industriellen Entwicklung in der Lausitz stellt.<\/p>\n\n\n\n<div class=\"wp-block-columns is-layout-flex wp-container-core-columns-is-layout-9d6595d7 wp-block-columns-is-layout-flex\">\n<div class=\"wp-block-column is-layout-flow wp-block-column-is-layout-flow\" style=\"flex-basis:33.33%\">\n<figure class=\"wp-block-image size-full\"><img decoding=\"async\" src=\"https:\/\/www.smwa.sachsen.de\/blog\/wp-content\/uploads\/2025\/03\/P1150921.jpg\" alt=\"\" class=\"wp-image-6438\"\/><figcaption class=\"wp-element-caption\">Staatssekret\u00e4r Thomas Kralinski<\/figcaption><\/figure>\n<\/div>\n\n\n\n<div class=\"wp-block-column is-layout-flow wp-block-column-is-layout-flow\" style=\"flex-basis:66.66%\">\n<p><strong>Staatssekret\u00e4r Thomas Kralinski:<\/strong> \u00bbIch bin beeindruckt, mit welchem Engagement die Partner vor Ort zusammengewirkt haben, um sich als Region neu aufzustellen. Durch den breiten Beteiligungsprozess mit Wirtschaft, Wissenschaft, Gesellschaft und Verwaltung entsteht ein durch die Breite getragenes Profil. Dies sehen wir als ideale Erg\u00e4nzung zum Strukturwandelprozess, der auch durch den Einsatz europ\u00e4ischer Strukturfondsmittel sichtbare Ergebnisse erzielt hat. Die Einrichtung eines Net Zero Valleys Lausitz erfordert aber auch politischen Willen und Entschlossenheit, die wir als Freistaat zusammen mit dem Land Brandenburg einbringen.\u00ab<\/p>\n<\/div>\n<\/div>\n\n\n\n<p><strong>Staatssekret\u00e4rin Dr. Friederike Haase:<\/strong> \u00bbDie Lausitz hat sich als eine der ersten Regionen in Deutschland und der EU aufgemacht, ein ,Net Zero Valley\u2039 zu werden. Das unterstreicht einmal mehr, wie sich das Bergbaurevier erfolgreich auf den Weg zu Europas Modellregion f\u00fcr Klimaschutz und nachhaltiges Wachstum begibt. Die Etablierung von sauberen Industrien soll nicht nur eine solide Basis f\u00fcr eine zukunftsorientierte wirtschaftliche Entwicklung der Region bilden, sondern auch dazu beitragen, bei wichtigen Zukunftstechnologien international konkurrenzf\u00e4hig zu bleiben. Wir unterst\u00fctzen als Bundesl\u00e4nder die Bewerbung der Lausitz ausdr\u00fccklich und werden die Entwicklungen in der Region weiter eng begleiten.\u00ab<\/p>\n\n\n\n<figure class=\"wp-block-image size-full\"><img decoding=\"async\" src=\"https:\/\/www.smwa.sachsen.de\/blog\/wp-content\/uploads\/2025\/03\/P1160045.jpg\" alt=\"\" class=\"wp-image-6441\"\/><\/figure>\n\n\n\n<h2 class=\"wp-block-heading\">Das Net Zero Valley<\/h2>\n\n\n\n<p>Die Europ\u00e4ische Kommission hat im Juni 2024 das Netto-Null-Industrie-Gesetz (NZIA &#8211; Net-Zero Industry Act) auf den Weg gebracht, das darauf abzielt, die Herstellung von Netto-Null-Technologien in der EU zu steigern, um bis 2030 mindestens 40 Prozent des j\u00e4hrlichen Bedarfs der EU an diesen strategischen Technologien zu decken.<\/p>\n\n\n\n<p>Ziel der EU ist es, ihre Attraktivit\u00e4t als wettbewerbsf\u00e4higer Wirtschaftsstandort durch schnellere Genehmigungsverfahren, gezieltere Aus- und Weiterbildung von und f\u00fcr Fachkr\u00e4fte der Netto-Null-Technologien und einen besseren Marktzugang f\u00fcr Technologien \u00bbMade-in-Europe\u00ab zu erh\u00f6hen. Insbesondere in so genannten \u00bbNet-Zero-Valleys\u00ab sollen daf\u00fcr strukturell besonders g\u00fcnstige Voraussetzungen entstehen.<\/p>\n\n\n\n<p>Die Region hat Ihren Antrag bei den L\u00e4ndern eingereicht. Die L\u00e4nder weisen das Net Zero Valley Lausitz auf Basis der Bewerbung aus. Sie haben mit dem f\u00fcr die Ausweisung notwendigen Umweltpr\u00fcfungen begonnen. Dieser Prozess wird sich noch \u00fcber den Sommer hinziehen.<\/p>\n\n\n\n<p>Weitere Informationen unter: <a href=\"https:\/\/www.netzerovalley.eu\/\">https:\/\/www.netzerovalley.eu\/<\/a> <\/p>\n","protected":false},"excerpt":{"rendered":"<p>Zusammen mit hochrangigen Vertretern der Lausitz sind Staatssekret\u00e4r Thomas Kralinski (Sachsen) und Staatssekret\u00e4rin Dr. Friederike Haase (Brandenburg) nach Br\u00fcssel gereist, um die bei den L\u00e4ndern einzureichende Bewerbung zum ersten Net Zero Valley in einer symbolischen \u00dcbergabe auch dem Stellvertretenden Exekutiv-Vizepr\u00e4sidenten, EU-Kommissar St\u00e9phane S\u00e9journ\u00e9, zu pr\u00e4sentieren. Dies stellt den vorl\u00e4ufigen H\u00f6hepunkt in der Zusammenarbeit der beiden [&hellip;]<\/p>\n","protected":false},"author":5,"featured_media":6437,"comment_status":"open","ping_status":"open","sticky":false,"template":"","format":"standard","meta":{"episode_type":"","audio_file":"","podmotor_file_id":"","podmotor_episode_id":"","cover_image":"","cover_image_id":"","duration":"","filesize":"","filesize_raw":"","date_recorded":"","explicit":"","block":"","footnotes":""},"categories":[1,23,479,37,60,476,6,51],"tags":[481,239,404,445,72,199],"class_list":["post-6433","post","type-post","status-publish","format-standard","has-post-thumbnail","hentry","category-aktuelles","category-auslandreisen","category-energie","category-europa","category-international","category-klimaschutz","category-wirtschaft","category-wissenswertes","tag-bruessel","tag-energie","tag-energiewende","tag-eu","tag-eu-foerderung","tag-thomas-kralinski"],"_links":{"self":[{"href":"https:\/\/www.smwa.sachsen.de\/blog\/wp-json\/wp\/v2\/posts\/6433","targetHints":{"allow":["GET"]}}],"collection":[{"href":"https:\/\/www.smwa.sachsen.de\/blog\/wp-json\/wp\/v2\/posts"}],"about":[{"href":"https:\/\/www.smwa.sachsen.de\/blog\/wp-json\/wp\/v2\/types\/post"}],"author":[{"embeddable":true,"href":"https:\/\/www.smwa.sachsen.de\/blog\/wp-json\/wp\/v2\/users\/5"}],"replies":[{"embeddable":true,"href":"https:\/\/www.smwa.sachsen.de\/blog\/wp-json\/wp\/v2\/comments?post=6433"}],"version-history":[{"count":4,"href":"https:\/\/www.smwa.sachsen.de\/blog\/wp-json\/wp\/v2\/posts\/6433\/revisions"}],"predecessor-version":[{"id":6445,"href":"https:\/\/www.smwa.sachsen.de\/blog\/wp-json\/wp\/v2\/posts\/6433\/revisions\/6445"}],"wp:featuredmedia":[{"embeddable":true,"href":"https:\/\/www.smwa.sachsen.de\/blog\/wp-json\/wp\/v2\/media\/6437"}],"wp:attachment":[{"href":"https:\/\/www.smwa.sachsen.de\/blog\/wp-json\/wp\/v2\/media?parent=6433"}],"wp:term":[{"taxonomy":"category","embeddable":true,"href":"https:\/\/www.smwa.sachsen.de\/blog\/wp-json\/wp\/v2\/categories?post=6433"},{"taxonomy":"post_tag","embeddable":true,"href":"https:\/\/www.smwa.sachsen.de\/blog\/wp-json\/wp\/v2\/tags?post=6433"}],"curies":[{"name":"wp","href":"https:\/\/api.w.org\/{rel}","templated":true}]}}