{"id":5694,"date":"2024-08-27T14:22:28","date_gmt":"2024-08-27T12:22:28","guid":{"rendered":"https:\/\/www.smwa.sachsen.de\/blog\/?p=5694"},"modified":"2025-08-12T13:19:15","modified_gmt":"2025-08-12T11:19:15","slug":"neuer-ausbildungscampus-fuer-mikroelektronik-soll-in-radeberg-entstehen","status":"publish","type":"post","link":"https:\/\/www.smwa.sachsen.de\/blog\/2024\/08\/27\/neuer-ausbildungscampus-fuer-mikroelektronik-soll-in-radeberg-entstehen\/","title":{"rendered":"Neuer Ausbildungscampus f\u00fcr Mikroelektronik soll in Radeberg entstehen"},"content":{"rendered":"\n<p>Das s\u00e4chsische Kabinett hat auf seiner Sitzung am 27. August 2024 gr\u00fcnes Licht f\u00fcr das Ausbildungscluster Mikroelektronik (SAM) gegeben. Das gemeinsame Ziel ist die Absicherung des entstehenden Bedarfs an Fachkr\u00e4ften in der Halbleiterbranche. Daf\u00fcr sollen ab dem Ausbildungsjahr 2028\/29 bis zu 1.000 Ausbildungspl\u00e4tze bereitstehen. Um das zu erreichen, m\u00f6chte der Freistaat bestehende Ausbildungseinrichtungen modernisieren und erweitern. Zus\u00e4tzlich besteht Bedarf an neuen Schulungsr\u00e4umen, Laboren und Werkst\u00e4tten sowie einem Reinraum, die auch zur Weiterbildung genutzt werden k\u00f6nnen. Dieser neue Ausbildungscampus f\u00fcr Mikrotechnologen soll in Radeberg entstehen.<\/p>\n\n\n\n<!--more-->\n\n\n\n<div class=\"wp-block-columns is-layout-flex wp-container-core-columns-is-layout-9d6595d7 wp-block-columns-is-layout-flex\">\n<div class=\"wp-block-column is-layout-flow wp-block-column-is-layout-flow\" style=\"flex-basis:66.66%\">\n<p>Wirtschaftsminister Martin Dulig: \u00bbWir haben uns ganz bewusst f\u00fcr den Standort Radeberg entschieden. Damit sorgen wir daf\u00fcr, dass die positiven Auswirkungen der Halbleiterentwicklung ganz direkt im Umland von Dresden ankommen. Handwerk und Mittelstand sind ein elementarer Bestandteil des Silicon Saxony. Wir sorgen daf\u00fcr, dass sie weiter von den Investitionen der Weltkonzerne profitieren. Das Ausbildungscluster Mikroelektronik ist ein gro\u00dfer Baustein f\u00fcr den Fachkr\u00e4ftebedarf. Das besondere Engagement der Stadt Radeberg und des Landkreises Bautzen hat uns \u00fcberzeugt.\u00ab<\/p>\n<\/div>\n\n\n\n<div class=\"wp-block-column is-layout-flow wp-block-column-is-layout-flow\" style=\"flex-basis:33.33%\">\n<figure class=\"wp-block-image size-large\"><img loading=\"lazy\" decoding=\"async\" width=\"1280\" height=\"853\" src=\"https:\/\/www.smwa.sachsen.de\/blog\/wp-content\/uploads\/2024\/08\/240827-SAM_KPK__Dulig_Radeberg-3524-1280x853.jpg\" alt=\"\" class=\"wp-image-5696\" srcset=\"https:\/\/www.smwa.sachsen.de\/blog\/wp-content\/uploads\/2024\/08\/240827-SAM_KPK__Dulig_Radeberg-3524-1280x853.jpg 1280w, https:\/\/www.smwa.sachsen.de\/blog\/wp-content\/uploads\/2024\/08\/240827-SAM_KPK__Dulig_Radeberg-3524-430x287.jpg 430w, https:\/\/www.smwa.sachsen.de\/blog\/wp-content\/uploads\/2024\/08\/240827-SAM_KPK__Dulig_Radeberg-3524-768x512.jpg 768w, https:\/\/www.smwa.sachsen.de\/blog\/wp-content\/uploads\/2024\/08\/240827-SAM_KPK__Dulig_Radeberg-3524-1536x1024.jpg 1536w, https:\/\/www.smwa.sachsen.de\/blog\/wp-content\/uploads\/2024\/08\/240827-SAM_KPK__Dulig_Radeberg-3524-2048x1365.jpg 2048w\" sizes=\"auto, (max-width: 1280px) 100vw, 1280px\" \/><figcaption class=\"wp-element-caption\">Wirtschaftsminister Martin Dulig<\/figcaption><\/figure>\n<\/div>\n<\/div>\n\n\n\n<div class=\"wp-block-columns is-layout-flex wp-container-core-columns-is-layout-9d6595d7 wp-block-columns-is-layout-flex\">\n<div class=\"wp-block-column is-layout-flow wp-block-column-is-layout-flow\" style=\"flex-basis:33.33%\">\n<figure class=\"wp-block-image size-large\"><img loading=\"lazy\" decoding=\"async\" width=\"1280\" height=\"853\" src=\"https:\/\/www.smwa.sachsen.de\/blog\/wp-content\/uploads\/2024\/08\/240827-SAM_KPK__Dulig_Radeberg-3553-1280x853.jpg\" alt=\"\" class=\"wp-image-5695\" srcset=\"https:\/\/www.smwa.sachsen.de\/blog\/wp-content\/uploads\/2024\/08\/240827-SAM_KPK__Dulig_Radeberg-3553-1280x853.jpg 1280w, https:\/\/www.smwa.sachsen.de\/blog\/wp-content\/uploads\/2024\/08\/240827-SAM_KPK__Dulig_Radeberg-3553-430x287.jpg 430w, https:\/\/www.smwa.sachsen.de\/blog\/wp-content\/uploads\/2024\/08\/240827-SAM_KPK__Dulig_Radeberg-3553-768x512.jpg 768w, https:\/\/www.smwa.sachsen.de\/blog\/wp-content\/uploads\/2024\/08\/240827-SAM_KPK__Dulig_Radeberg-3553-1536x1024.jpg 1536w, https:\/\/www.smwa.sachsen.de\/blog\/wp-content\/uploads\/2024\/08\/240827-SAM_KPK__Dulig_Radeberg-3553-2048x1365.jpg 2048w\" sizes=\"auto, (max-width: 1280px) 100vw, 1280px\" \/><figcaption class=\"wp-element-caption\">Frank H\u00f6hme, Oberb\u00fcrgermeister der Stadt Radeberg<\/figcaption><\/figure>\n<\/div>\n\n\n\n<div class=\"wp-block-column is-layout-flow wp-block-column-is-layout-flow\" style=\"flex-basis:66.66%\">\n<p>Frank H\u00f6hme, Oberb\u00fcrgermeister der Stadt Radeberg: \u00bbRadeberg profitiert einmal mehr von seiner direkten N\u00e4he zu Dresden und kann unmittelbar an hochmoderner Technologieentwicklung teilhaben. Ich habe dies sofort als Chance f\u00fcr Radeberg gesehen und mich f\u00fcr unsere Stadt als Standort f\u00fcr den Ausbildungscampus f\u00fcr Mikrotechnologie stark gemacht. Nun werden tats\u00e4chlich dringend ben\u00f6tigte Fachkr\u00e4fte in der Mikrotechnologie k\u00fcnftig aus Radeberg kommen! Das sind sehr gute Nachrichten f\u00fcr unsere Stadt und f\u00fcr Sachsen. Unsere Stadt ist zukunftsgewandt und vielseitig, das wird das Ausbildungszentrum umso mehr beweisen!\u00ab<\/p>\n<\/div>\n<\/div>\n\n\n\n<p>Sachsen hat sich zum bedeutendsten Standort der Halbleiterindustrie in Europa entwickelt: Jeder dritte in Europa produzierte Chip kommt aus Sachsen. Durch Erweiterungen und Neuansiedlungen gro\u00dfer Unternehmen, wie Infineon, Bosch und ESMC, wird die internationale Strahlkraft der Region weiter wachsen. Nach der Schaffung der industriellen Basis und dem Ausbau der Forschungs- und Entwicklungskapazit\u00e4ten bildet die Bereitstellung von qualifizierten Ausbildungs- und Fachkr\u00e4ften die gr\u00f6\u00dfte Herausforderung der kommenden Jahre. Heute arbeiten in der Branche ca. 80.000 Menschen. 2030 werden es \u00fcber 100.000 sein. Das ist ein j\u00e4hrlicher Zuwachs von bis zu 3.000 neuen Mitarbeiterinnen und Mitarbeitern. Der gro\u00dfe Fachkr\u00e4ftebedarf der Halbleiterindustrie, der Zulieferer und des regionalen Mittelstandes kann nicht aus dem Bestand gedeckt werden. Neben den Investitionen in Ausbildungseinrichtungen f\u00fcr die St\u00e4rkung der dualen Erstausbildung soll in enger Zusammenarbeit zwischen der Industrie, den Kammern, dem regionalen Mittelstand und den Bildungsdienstleistern ein neues Dach initiiert werden \u2013 welches f\u00fcr eine gezielte Rekrutierung und bessere Au\u00dfenvermarktung zust\u00e4ndig ist. Diese neue Dachstruktur soll \u00fcber Silicon Saxony e.V. organisiert werden und die Strahlkraft des s\u00e4chsischen Mikroelektronikstandortes weiter erh\u00f6hen.<br>Dazu sollen weitere bestehende Ausbildungseinrichtungen modernisiert und erweitert werden, wie die Mechatronikerausbildung in Kesselsdorf (Landkreis S\u00e4chsische Schweiz \u2013 Osterzgebirge).<\/p>\n\n\n\n<p>Eine enge und faire Kooperation zwischen den Mikroelektronikunternehmen und der regionalen Wirtschaft ist auch und gerade beim Thema Ausbildung bzw. Fachkr\u00e4ftegewinnung wichtig. Der notwendige Bedarf soll \u00fcber eine deutliche Ausweitung der Ausbildungskapazit\u00e4ten ebenso abgesichert werden wie \u00fcber die gezielte Rekrutierung.<\/p>\n\n\n\n<p>Minister Dulig appelliert: \u00bbWir m\u00fcssen gemeinsam alles unternehmen, um den Standort attraktiv zu machen, um Menschen von \u00fcberall f\u00fcr Sachsen zu gewinnen. Mit unserer Ansiedlungs- und Forschungspolitik locken wir Fachkr\u00e4fte aus aller Welt an und wir wollen, dass die Menschen gern bei uns leben und hierbleiben. Sachsen hat in der Vergangenheit schon oft von Zuzug profitiert, nicht zuletzt die Chipindustrie. Nur durch eine Kultur der Offenheit, Toleranz und Vielfalt k\u00f6nnen wir unser starkes \u00d6kosystem weiter ausbauen. Wenn wir es klug anpacken, dann werden wir alle davon profitieren. Dann kommen die Partnerinnen und Partner mit nach Sachsen, um bei uns bei uns zu arbeiten und ihre Kinder besuchen unsere Kinderg\u00e4rten und Schulen.\u00ab <\/p>\n","protected":false},"excerpt":{"rendered":"<p>Das s\u00e4chsische Kabinett hat auf seiner Sitzung am 27. August 2024 gr\u00fcnes Licht f\u00fcr das Ausbildungscluster Mikroelektronik (SAM) gegeben. Das gemeinsame Ziel ist die Absicherung des entstehenden Bedarfs an Fachkr\u00e4ften in der Halbleiterbranche. Daf\u00fcr sollen ab dem Ausbildungsjahr 2028\/29 bis zu 1.000 Ausbildungspl\u00e4tze bereitstehen. Um das zu erreichen, m\u00f6chte der Freistaat bestehende Ausbildungseinrichtungen modernisieren und [&hellip;]<\/p>\n","protected":false},"author":11,"featured_media":5697,"comment_status":"open","ping_status":"open","sticky":false,"template":"","format":"standard","meta":{"episode_type":"","audio_file":"","podmotor_file_id":"","podmotor_episode_id":"","cover_image":"","cover_image_id":"","duration":"","filesize":"","filesize_raw":"","date_recorded":"","explicit":"","block":"","footnotes":""},"categories":[1,125,6],"tags":[95,100,42,260,296,197,14],"class_list":["post-5694","post","type-post","status-publish","format-standard","has-post-thumbnail","hentry","category-aktuelles","category-silicon-saxony","category-wirtschaft","tag-ausbildung","tag-digitalisierung","tag-martin-dulig","tag-mikrochips","tag-mikroelektronik","tag-weiterbildung","tag-wirtschaft"],"_links":{"self":[{"href":"https:\/\/www.smwa.sachsen.de\/blog\/wp-json\/wp\/v2\/posts\/5694","targetHints":{"allow":["GET"]}}],"collection":[{"href":"https:\/\/www.smwa.sachsen.de\/blog\/wp-json\/wp\/v2\/posts"}],"about":[{"href":"https:\/\/www.smwa.sachsen.de\/blog\/wp-json\/wp\/v2\/types\/post"}],"author":[{"embeddable":true,"href":"https:\/\/www.smwa.sachsen.de\/blog\/wp-json\/wp\/v2\/users\/11"}],"replies":[{"embeddable":true,"href":"https:\/\/www.smwa.sachsen.de\/blog\/wp-json\/wp\/v2\/comments?post=5694"}],"version-history":[{"count":3,"href":"https:\/\/www.smwa.sachsen.de\/blog\/wp-json\/wp\/v2\/posts\/5694\/revisions"}],"predecessor-version":[{"id":7030,"href":"https:\/\/www.smwa.sachsen.de\/blog\/wp-json\/wp\/v2\/posts\/5694\/revisions\/7030"}],"wp:featuredmedia":[{"embeddable":true,"href":"https:\/\/www.smwa.sachsen.de\/blog\/wp-json\/wp\/v2\/media\/5697"}],"wp:attachment":[{"href":"https:\/\/www.smwa.sachsen.de\/blog\/wp-json\/wp\/v2\/media?parent=5694"}],"wp:term":[{"taxonomy":"category","embeddable":true,"href":"https:\/\/www.smwa.sachsen.de\/blog\/wp-json\/wp\/v2\/categories?post=5694"},{"taxonomy":"post_tag","embeddable":true,"href":"https:\/\/www.smwa.sachsen.de\/blog\/wp-json\/wp\/v2\/tags?post=5694"}],"curies":[{"name":"wp","href":"https:\/\/api.w.org\/{rel}","templated":true}]}}