{"id":5146,"date":"2024-05-27T16:26:31","date_gmt":"2024-05-27T15:26:31","guid":{"rendered":"https:\/\/www.smwa.sachsen.de\/blog\/?p=5146"},"modified":"2026-08-11T13:45:51","modified_gmt":"2026-08-11T11:45:51","slug":"glueckliche-gesichter-im-vogtland-unilever-investiert-in-zehn-millionen-euro-in-auerbacher-werk","status":"publish","type":"post","link":"https:\/\/www.smwa.sachsen.de\/blog\/2024\/05\/27\/glueckliche-gesichter-im-vogtland-unilever-investiert-in-zehn-millionen-euro-in-auerbacher-werk\/","title":{"rendered":"Gl\u00fcckliche Gesichter im Vogtland: Unilever investiert in Werk Auerbach &#8211; Minister fordert langfristige Sicherheit"},"content":{"rendered":"\n<p>Sachsens Wirtschaftsminister Martin Dulig hat an den Lebensmittelkonzern Unilever appelliert, auch langfristig am einzigen s\u00e4chsischen Unternehmensstandort Auerbach (Vogtlandkreis) festzuhalten. Bei einem Unternehmensbesuch am 23. Mai betonte er die hohe Produktivit\u00e4t und Wirtschaftlichkeit des Standortes und forderte Sicherheit f\u00fcr die Besch\u00e4ftigten. Der #ZUKUNFTblog hat Dulig, der vor Ort auch an der Betriebsversammlung teilgenommen hat, dazu befragt.<\/p>\n\n\n\n<!--more-->\n\n\n\n<p><strong>#ZUKUNFTblog: Mit welchen Beweggr\u00fcnden haben Sie das Unilever-Werk in Auerbach, das Produkte der Marke \u00bbKnorr\u00ab herstellt, besucht?<\/strong><\/p>\n\n\n\n<p><strong>Martin Dulig:<\/strong> Ich wollte schlichtweg meine Wertsch\u00e4tzung gegen\u00fcber den Besch\u00e4ftigten ausdr\u00fccken. Sie haben nach der Hiobsbotschaft, dass es um Stellenk\u00fcrzungen geht, gemeinsam erreicht, dass dieser Standort sicher ist. Nach dem geplanten Abbau von 80 Stellen investiert Unilever nun zehn Millionen Euro in Auerbach und baut das Werk zu einem <a href=\"https:\/\/www.unilever.de\/news\/2024\/minister-besucht-werk-in-auerbach\/\" target=\"_blank\" rel=\"noreferrer noopener\">Kompetenzzentrum f\u00fcr Snackprodukte<\/a> aus. Als Staatsregierung ist es uns wichtig, dass man Standorte wie Unilever im Vogtland sichert. Denn die Leute machen gute Arbeit. Das Werk in Auerbach ist profitabel und produktiv.<\/p>\n\n\n\n<p><strong>#ZUKUNFTblog: Was haben das s\u00e4chsische Wirtschaftsministerium bzw. Sie pers\u00f6nlich in den vergangenen Wochen zum Gelingen der Neuausrichtung des Werks beitragen k\u00f6nnen?<\/strong><\/p>\n\n\n\n<p><strong>Martin Dulig:<\/strong> Es ist in erster Linie wirklich der Erfolg der Beteiligten vor Ort, ohne Wenn und Aber. Nachdem die Information zum geplanten Stellenabbau gekommen ist, habe ich mich sofort mit dem Betriebsrat und dann auch mit der Gesch\u00e4ftsleitung in Verbindung gesetzt und unsere Unterst\u00fctzung angeboten. Von daher ist es jetzt gar nicht vordergr\u00fcndig unser Agieren gewesen \u2013 sondern vielleicht auch die klare Botschaft, dass wir als Land diesen Standort unterst\u00fctzen.<\/p>\n\n\n\n<figure class=\"wp-block-gallery has-nested-images columns-default is-cropped wp-block-gallery-1 is-layout-flex wp-block-gallery-is-layout-flex\">\n<figure class=\"wp-block-image size-large\"><img loading=\"lazy\" decoding=\"async\" width=\"1280\" height=\"721\" data-id=\"5158\" src=\"https:\/\/www.smwa.sachsen.de\/blog\/wp-content\/uploads\/2024\/05\/20240523_132037-1-1280x721.jpg\" alt=\"\" class=\"wp-image-5158\" srcset=\"https:\/\/www.smwa.sachsen.de\/blog\/wp-content\/uploads\/2024\/05\/20240523_132037-1-1280x721.jpg 1280w, https:\/\/www.smwa.sachsen.de\/blog\/wp-content\/uploads\/2024\/05\/20240523_132037-1-430x242.jpg 430w, https:\/\/www.smwa.sachsen.de\/blog\/wp-content\/uploads\/2024\/05\/20240523_132037-1-768x432.jpg 768w, https:\/\/www.smwa.sachsen.de\/blog\/wp-content\/uploads\/2024\/05\/20240523_132037-1-1536x865.jpg 1536w, https:\/\/www.smwa.sachsen.de\/blog\/wp-content\/uploads\/2024\/05\/20240523_132037-1-2048x1153.jpg 2048w\" sizes=\"auto, (max-width: 1280px) 100vw, 1280px\" \/><figcaption class=\"wp-element-caption\">Betriebsversammlung am einzigen s\u00e4chsischen Unilever-Standort in Auerbach mit Martin Dulig.<\/figcaption><\/figure>\n\n\n\n<figure class=\"wp-block-image size-large\"><img decoding=\"async\" data-id=\"5157\" src=\"https:\/\/www.smwa.sachsen.de\/blog\/wp-content\/uploads\/2024\/05\/20240523_130046-2.jpg\" alt=\"\" class=\"wp-image-5157\"\/><figcaption class=\"wp-element-caption\">Martin Dulig (rechts) im Gespr\u00e4ch mit Werksleiter Heiko R\u00f6der (Mitte) und Betriebsratschef Mario Sch\u00e4dlich.<\/figcaption><\/figure>\n<\/figure>\n\n\n\n<p><strong>#ZUKUNFTblog: Was kann betriebliche Mitbestimmung in solchen Krisensituationen bewirken?<\/strong><\/p>\n\n\n\n<p><strong>Martin Dulig:<\/strong> Mitbestimmung ist jetzt nicht nur ein Grundrecht, das im Gesetz steht, sondern Mitbestimmung ist auch das Gebot der Stunde. Besch\u00e4ftigte haben eine hohe Identifikation mit ihrem Unternehmen. Diese Ressource zu nutzen, das ist einfach nur klug. Mitbestimmung bedeutet, auf Augenh\u00f6he Verantwortung zu \u00fcbernehmen. Das ist f\u00fcr mich soziale Marktwirtschaft. Und von daher ist Mitbestimmung auch ein wesentlicher Pfeiler einer sozialen Marktwirtschaft.<\/p>\n\n\n\n<p><strong>#ZUKUNFTblog: Welche Perspektive hat das Werk in Auerbach nun auf lange Sicht?<\/strong><\/p>\n\n\n\n<p><strong>Martin Dulig:<\/strong> Das liegt in der Verantwortung des Unternehmens. Ich erwarte von Unilever, dass sie Auerbach nicht als irgendeinen Standort f\u00fchren, sondern dass sie sich der Bedeutung dieses Standorts bewusst sind. Denn die Zahlen sind eindeutig: Der Betrieb ist hochproduktiv. Und von daher brauchen die Menschen einfach auch die Sicherheit, dass er auf Dauer gesichert ist. Das erwarte ich von Unilever.<\/p>\n\n\n\n<hr class=\"wp-block-separator has-alpha-channel-opacity\"\/>\n\n\n\n<p>Foto oben, von links nach rechts: Unilever-Konzernbetriebsratschef Hermann Soggeberg, Betriebsratsvorsitzender Mario Sch\u00e4dlich, Wirtschaftsminister Martin Dulig, Werksleiter Heiko R\u00f6der, MdL Juliane Pfeil | Bildrechte: SMWA<\/p>\n","protected":false},"excerpt":{"rendered":"<p>Sachsens Wirtschaftsminister Martin Dulig hat an den Lebensmittelkonzern Unilever appelliert, auch langfristig am einzigen s\u00e4chsischen Unternehmensstandort Auerbach (Vogtlandkreis) festzuhalten. Bei einem Unternehmensbesuch am 23. Mai betonte er die hohe Produktivit\u00e4t und Wirtschaftlichkeit des Standortes und forderte Sicherheit f\u00fcr die Besch\u00e4ftigten. Der #ZUKUNFTblog hat Dulig, der vor Ort auch an der Betriebsversammlung teilgenommen hat, dazu befragt.<\/p>\n","protected":false},"author":9,"featured_media":5150,"comment_status":"closed","ping_status":"open","sticky":false,"template":"","format":"standard","meta":{"episode_type":"","audio_file":"","podmotor_file_id":"","podmotor_episode_id":"","cover_image":"","cover_image_id":"","duration":"","filesize":"","filesize_raw":"","date_recorded":"","explicit":"","block":"","footnotes":""},"categories":[1,6],"tags":[44,408,42,429,428,14],"class_list":["post-5146","post","type-post","status-publish","format-standard","has-post-thumbnail","hentry","category-aktuelles","category-wirtschaft","tag-arbeit","tag-laendlicher-raum","tag-martin-dulig","tag-unilever","tag-vogtlandkreis","tag-wirtschaft"],"_links":{"self":[{"href":"https:\/\/www.smwa.sachsen.de\/blog\/wp-json\/wp\/v2\/posts\/5146","targetHints":{"allow":["GET"]}}],"collection":[{"href":"https:\/\/www.smwa.sachsen.de\/blog\/wp-json\/wp\/v2\/posts"}],"about":[{"href":"https:\/\/www.smwa.sachsen.de\/blog\/wp-json\/wp\/v2\/types\/post"}],"author":[{"embeddable":true,"href":"https:\/\/www.smwa.sachsen.de\/blog\/wp-json\/wp\/v2\/users\/9"}],"replies":[{"embeddable":true,"href":"https:\/\/www.smwa.sachsen.de\/blog\/wp-json\/wp\/v2\/comments?post=5146"}],"version-history":[{"count":14,"href":"https:\/\/www.smwa.sachsen.de\/blog\/wp-json\/wp\/v2\/posts\/5146\/revisions"}],"predecessor-version":[{"id":5169,"href":"https:\/\/www.smwa.sachsen.de\/blog\/wp-json\/wp\/v2\/posts\/5146\/revisions\/5169"}],"wp:featuredmedia":[{"embeddable":true,"href":"https:\/\/www.smwa.sachsen.de\/blog\/wp-json\/wp\/v2\/media\/5150"}],"wp:attachment":[{"href":"https:\/\/www.smwa.sachsen.de\/blog\/wp-json\/wp\/v2\/media?parent=5146"}],"wp:term":[{"taxonomy":"category","embeddable":true,"href":"https:\/\/www.smwa.sachsen.de\/blog\/wp-json\/wp\/v2\/categories?post=5146"},{"taxonomy":"post_tag","embeddable":true,"href":"https:\/\/www.smwa.sachsen.de\/blog\/wp-json\/wp\/v2\/tags?post=5146"}],"curies":[{"name":"wp","href":"https:\/\/api.w.org\/{rel}","templated":true}]}}