{"id":3194,"date":"2023-10-13T12:41:39","date_gmt":"2023-10-13T11:41:39","guid":{"rendered":"https:\/\/www.smwa.sachsen.de\/blog\/?p=3194"},"modified":"2023-10-17T11:20:42","modified_gmt":"2023-10-17T10:20:42","slug":"projekt-wildpflanzenpark-gegen-oede-orte-ist-in-oederan-ein-kraut-gewachsen","status":"publish","type":"post","link":"https:\/\/www.smwa.sachsen.de\/blog\/2023\/10\/13\/projekt-wildpflanzenpark-gegen-oede-orte-ist-in-oederan-ein-kraut-gewachsen\/","title":{"rendered":"Projekt Wildpflanzenpark: Gegen \u00f6de Orte ist in Oederan ein Kraut gewachsen"},"content":{"rendered":"\n<p>Oederan hat 2022 neben Freiberg einen der beiden ersten Preise des 19. Innenstadtwettbewerbs \u00bbAb in die Mitte! Die City-Offensive Sachsen\u00ab erhalten. Der Freistaat hat die mit 30.000 Euro dotierte Auszeichnung f\u00fcr das Projekt \u00bbErn\u00e4hrung neu gedacht \u2013 Essbare Wildpflanzen in der Stadt\u00ab vergeben. Wie steht es um das Vorhaben und die Innenstadt der Kleinstadt (7.700 Einwohner) im Landkreis Mittelsachsen? Der #ZUKUNFTblog hat dazu Marco Metzler vom Stadtmarketing Oederan befragt.<\/p>\n\n\n\n<!--more-->\n\n\n\n<p><strong>#ZUKUNFTblog: <a href=\"https:\/\/www.oederan.de\/\" target=\"_blank\" rel=\"noreferrer noopener\">Oederan<\/a> hat sich mehrmals erfolgreich an der <a href=\"https:\/\/www.abindiemitte-sachsen.de\/\" data-type=\"link\" data-id=\"https:\/\/www.abindiemitte-sachsen.de\/\" target=\"_blank\" rel=\"noreferrer noopener\">City-Offensive \u00bbAb in die Mitte!\u00ab<\/a> beteiligt. Welche Erfahrungen hat die Stadt dabei gesammelt und welchen Mehrwert bringt Ihnen der Wettbewerb?<\/strong><\/p>\n\n\n\n<p><strong>Marco Metzler:<\/strong> Unsere Stadt hat von 2004 bis 2022 achtzehn Mal am <a href=\"https:\/\/www.oederan.de\/wirtschaft\/stadtmarketing-oederan-ev\/projekte\/ab-in-die-mitte-projekte\" data-type=\"link\" data-id=\"https:\/\/www.abindiemitte-sachsen.de\/\" target=\"_blank\" rel=\"noreferrer noopener\">Wettbewerb<\/a> teilgenommen. Der Initiativkreis pr\u00e4mierte dabei dreizehn unserer Ideen mit Geld- oder Sachpreisen. 2023 haben wir unser neunzehntes Projekt eingereicht.<\/p>\n\n\n\n<p>Die City-Offensive ist f\u00fcr unsere Stadt herausgehoben bedeutsam. Eine Teilnahme ist Ehrensache. Die besondere Stellung des Wettbewerbs bewirkt, dass sich zahlreiche Akteure in der Stadt \u2013 von der Verwaltung bis zu engagierten B\u00fcrgern \u2013 allj\u00e4hrlich mit innerst\u00e4dtischen Problemlagen besch\u00e4ftigen. Der festgesetzte Turnus \u2013 von der Bekanntgabe des Jahresmottos bis zum Einreicheschluss \u2013 dient dabei als wiederkehrende Richtschnur.<\/p>\n\n\n\n<p>Neben der freiwilligen Verpflichtung, allj\u00e4hrlich die Innenstadtsituation zu analysieren, hilft der Wettbewerb mit kreativen Einfl\u00fcssen. Hier sind bereits die Ausschreibungsunterlagen n\u00fctzlich. Dazu kommen die Anregungen aus den Kreativtreffs sowie den Auftakt- und Abschlussveranstaltungen. Letztlich l\u00e4sst sich aber auch aus den Projekten anderer St\u00e4dte einiges lernen.<\/p>\n\n\n\n<figure class=\"wp-block-image size-large\"><img loading=\"lazy\" decoding=\"async\" width=\"1280\" height=\"905\" src=\"https:\/\/www.smwa.sachsen.de\/blog\/wp-content\/uploads\/2023\/10\/316684423_5674420289294513_3563619665510399139_n-1280x905.jpg\" alt=\"\" class=\"wp-image-3214\" srcset=\"https:\/\/www.smwa.sachsen.de\/blog\/wp-content\/uploads\/2023\/10\/316684423_5674420289294513_3563619665510399139_n-1280x905.jpg 1280w, https:\/\/www.smwa.sachsen.de\/blog\/wp-content\/uploads\/2023\/10\/316684423_5674420289294513_3563619665510399139_n-430x304.jpg 430w, https:\/\/www.smwa.sachsen.de\/blog\/wp-content\/uploads\/2023\/10\/316684423_5674420289294513_3563619665510399139_n-768x543.jpg 768w, https:\/\/www.smwa.sachsen.de\/blog\/wp-content\/uploads\/2023\/10\/316684423_5674420289294513_3563619665510399139_n-1536x1086.jpg 1536w, https:\/\/www.smwa.sachsen.de\/blog\/wp-content\/uploads\/2023\/10\/316684423_5674420289294513_3563619665510399139_n.jpg 2048w\" sizes=\"auto, (max-width: 1280px) 100vw, 1280px\" \/><figcaption class=\"wp-element-caption\">Quelle: Stadt Oederan<\/figcaption><\/figure>\n\n\n\n<p><strong>2022 hat Oederan einen von zwei mit 30.000 Euro dotierten ersten Preisen f\u00fcr das Vorhaben \u00bbErn\u00e4hrung neu gedacht \u2013 Essbare Wildpflanzen in der Stadt\u00ab gewonnen. Welche Bedeutung besitzt das Projekt f\u00fcr die Innenstadtbelebung von Oederan?<\/strong><\/p>\n\n\n\n<p>Nach mehreren zweiten und dritten Platzierungen gelang es uns im vergangenen Jahr erstmals, ganz oben im Wettbewerb zu stehen. Vom Projekt \u2013 dem Aufbau eines sogenannten <a href=\"https:\/\/www.ewilpa.net\/oederan.html\" target=\"_blank\" rel=\"noreferrer noopener\">EssbareWildpflanzenParks<\/a> \u2013 versprechen wir uns sehr viel:<\/p>\n\n\n\n<ul class=\"wp-block-list\">\n<li>Erstens: Das Projekt soll ungenutzte Freifl\u00e4chen einem Zweck zuf\u00fchren und Brachen beseitigen.<\/li>\n\n\n\n<li>Zweitens: Durch seine Einstiegsstation am \u00bbKlein-Erzgebirge\u00ab sollen Besucher des Miniaturparks u.a. in die Innenstadt geleitet werden.<\/li>\n\n\n\n<li>Drittens: Da der Wildpflanzenpark mittels seiner Hinweistafeln auch unabh\u00e4ngig von aktiver Betreuung funktioniert, sollte er auch allein vermehrt Menschen in die Stadt, speziell ins Zentrum bringen.<\/li>\n\n\n\n<li>Viertens: Unsere Wildpflanzenexperten planen, bald in einer \u00bbWilden Schule\u00ab am Markt Mehrtageseminare anzubieten. Diese Seminare sind geeignet, Personen von au\u00dferhalb mehre Tage in das Stadtzentrum zu bringen. Diese Personen ben\u00f6tigen \u00dcbernachtungsm\u00f6glichkeiten, Gastronomie und Produkte des kurzfristigen Bedarfs. Folglich st\u00fctzen die G\u00e4ste Handel und Dienstleistung in der Stadt.<\/li>\n\n\n\n<li>F\u00fcnftens: Schon jetzt ist die mediale Aufmerksamkeit, die der Park auf sich zieht, enorm. Er hat sich damit schon in der Aufbauphase als n\u00fctzlicher Boschafter f\u00fcr unsere kleine Stadt erwiesen.<\/li>\n<\/ul>\n\n\n\n<figure class=\"wp-block-embed is-type-video is-provider-youtube wp-block-embed-youtube wp-embed-aspect-16-9 wp-has-aspect-ratio\"><div class=\"wp-block-embed__wrapper\">\n <div class=\"brlbs-cmpnt-container brlbs-cmpnt-content-blocker brlbs-cmpnt-with-individual-styles\" data-borlabs-cookie-content-blocker-id=\"youtube-content-blocker\" data-borlabs-cookie-content=\"PGlmcmFtZSB0aXRsZT0iRXLDtmZmbnVuZyBkZXMgUGFya3MgZXNzYmFyZXIgV2lsZHBmbGFuemVuIGluIE9lZGVyYW4iIHdpZHRoPSI4ODAiIGhlaWdodD0iNDk1IiBzcmM9Imh0dHBzOi8vd3d3LnlvdXR1YmUtbm9jb29raWUuY29tL2VtYmVkL2tTajNhMFkxSmdVP2ZlYXR1cmU9b2VtYmVkIiBmcmFtZWJvcmRlcj0iMCIgYWxsb3c9ImFjY2VsZXJvbWV0ZXI7IGF1dG9wbGF5OyBjbGlwYm9hcmQtd3JpdGU7IGVuY3J5cHRlZC1tZWRpYTsgZ3lyb3Njb3BlOyBwaWN0dXJlLWluLXBpY3R1cmU7IHdlYi1zaGFyZSIgYWxsb3dmdWxsc2NyZWVuPjwvaWZyYW1lPg==\"><div class=\"brlbs-cmpnt-cb-preset-c brlbs-cmpnt-cb-youtube\"> <div class=\"brlbs-cmpnt-cb-thumbnail\" style=\"background-image: url('https:\/\/www.smwa.sachsen.de\/blog\/wp-content\/uploads\/borlabs-cookie\/1\/yt_kSj3a0Y1JgU_hqdefault.jpg')\"><\/div> <div class=\"brlbs-cmpnt-cb-main\"> <div class=\"brlbs-cmpnt-cb-play-button\"><\/div> <div class=\"brlbs-cmpnt-cb-content\"> <p class=\"brlbs-cmpnt-cb-description\">Sie sehen gerade einen Platzhalterinhalt von <strong>YouTube<\/strong>. Um auf den eigentlichen Inhalt zuzugreifen, klicken Sie auf die Schaltfl\u00e4che unten. Bitte beachten Sie, dass dabei Daten an Drittanbieter weitergegeben werden.<\/p> <a class=\"brlbs-cmpnt-cb-provider-toggle\" href=\"#\" data-borlabs-cookie-show-provider-information role=\"button\">Mehr Informationen<\/a> <\/div> <div class=\"brlbs-cmpnt-cb-buttons\"> <a class=\"brlbs-cmpnt-cb-btn\" href=\"#\" data-borlabs-cookie-unblock role=\"button\">Inhalt entsperren<\/a> <a class=\"brlbs-cmpnt-cb-btn\" href=\"#\" data-borlabs-cookie-accept-service role=\"button\" style=\"display: inherit\">Erforderlichen Service akzeptieren und Inhalte entsperren<\/a> <\/div> <\/div> <\/div><\/div>\n<\/div><figcaption class=\"wp-element-caption\">Quelle: YouTube\/Stadt Oederan<\/figcaption><\/figure>\n\n\n\n<p><strong>In welchem Stadium befindet sich das Vorhaben gerade? Wie wurde oder wird das Preisgeld konkret eingesetzt?<\/strong><\/p>\n\n\n\n<p>Das Vorhaben wird durch den neu gegr\u00fcndeten <a href=\"https:\/\/www.oederan.de\/tourismus-kultur\/attraktionen-museen\/essbarer-wildpflanzenpark-oederan-im-aufbau\" data-type=\"link\" data-id=\"https:\/\/www.oederan.de\/tourismus-kultur\/attraktionen-museen\/essbarer-wildpflanzenpark-oederan-im-aufbau\" target=\"_blank\" rel=\"noreferrer noopener\">Verein \u00bbWildes Oederan e.V.\u00ab <\/a>und die Stadt intensiv vorangebracht. Im Herbst 2022 haben wir die ersten sieben Stationen des Parks errichtet und mit Informationstafeln versehen. Im November 2022 konnten wir sie gemeinsam mit dem Wildpflanzenexperten Dr. Markus Strau\u00df einweihen. Zu unserem Erstaunen nahmen an diesem Rundgang zirka 250 Personen aus nah und fern teil.<\/p>\n\n\n\n<p>Im Sp\u00e4tsommer 2023 haben wir drei Hinweistafeln bzw. Wegweiser errichtet \u2013 am Bahnhof, auf dem Parkplatz am Klein-Erzgebirge und im Erlebnisbad Oederan. Seit Oktober 2023 hat der Wildes Oederan e.V. einen Raum unmittelbar am Markt angemietet. Hier entsteht in den kommenden Wochen die bereits genannte \u00bbWilde Schule\u00ab.<\/p>\n\n\n\n<p>Derzeit arbeiten wir zudem an der achten Wildpflanzenparkstation. Sie entsteht ebenfalls unmittelbar am Marktplatz \u2013 genauer gesagt im Innenhof des Objektes \u00bbDrei Schwanen\u00ab. Diese Station soll unter den einzelnen Standorten herausstechen. Gern m\u00f6chten wir hier neben der Vermittlung von Wissen \u00fcber essbare Wildpflanzen bis zu zehn Sandsteinskulpturen des Kulturhauptstadtprojektes \u00bbAnnaberger Impuls\u00ab zeigen. Diese Skulpturen sind im Sommer 2023 innerhalb eines Workshops in unserer Stadt entstanden. Nach R\u00fccksprache mit den Kulturhauptstadtverantwortlichen d\u00fcrfen die Skulpturen in Oederan verbleiben.<\/p>\n\n\n\n<p>Das Preisgeld wird zweckgebunden f\u00fcr den Aufbau des Parks und dessen Betriebsstruktur verwendet. Ein Gro\u00dfteil wurde dazu von der Stadt an den Wildes Oederan e.V. ausgezahlt.<\/p>\n\n\n\n<figure class=\"wp-block-image size-large\"><img loading=\"lazy\" decoding=\"async\" width=\"1280\" height=\"960\" src=\"https:\/\/www.smwa.sachsen.de\/blog\/wp-content\/uploads\/2023\/10\/Uebergabe-Preisgeldscheck-Marco-Metzler-1280x960.jpg\" alt=\"\" class=\"wp-image-3203\" srcset=\"https:\/\/www.smwa.sachsen.de\/blog\/wp-content\/uploads\/2023\/10\/Uebergabe-Preisgeldscheck-Marco-Metzler-1280x960.jpg 1280w, https:\/\/www.smwa.sachsen.de\/blog\/wp-content\/uploads\/2023\/10\/Uebergabe-Preisgeldscheck-Marco-Metzler-430x323.jpg 430w, https:\/\/www.smwa.sachsen.de\/blog\/wp-content\/uploads\/2023\/10\/Uebergabe-Preisgeldscheck-Marco-Metzler-768x576.jpg 768w, https:\/\/www.smwa.sachsen.de\/blog\/wp-content\/uploads\/2023\/10\/Uebergabe-Preisgeldscheck-Marco-Metzler-1536x1152.jpg 1536w, https:\/\/www.smwa.sachsen.de\/blog\/wp-content\/uploads\/2023\/10\/Uebergabe-Preisgeldscheck-Marco-Metzler.jpg 2048w\" sizes=\"auto, (max-width: 1280px) 100vw, 1280px\" \/><figcaption class=\"wp-element-caption\">\u00dcbergabe des Preisgeldschecks an die Stadt Oederan. Bildrechte: Marco Metzler<\/figcaption><\/figure>\n\n\n\n<p><strong>Der station\u00e4re Handel steht bundesweit vor Herausforderungen wie Online-Konkurrenz, Filialisierung, ungekl\u00e4rte Unternehmensnachfolgen und inflationsbedingte Kaufzur\u00fcckhaltung. Wie machen sich diese Einfl\u00fcsse in Oederan bemerkbar?<\/strong><\/p>\n\n\n\n<p>In einer Kleinstadt mit gew\u00f6hnlich eng begrenztem Kaufkraftpotenzial zeigen sich Auswirkungen der vorgenannten Entwicklungen deutlicher als in gr\u00f6\u00dferen Kommunen. Entsprechend ist zunehmender Leerstand ein wichtiges Thema. Vor allem fehlende Unternehmensnachfolge wird dies in den kommenden Jahren versch\u00e4rfen.<\/p>\n\n\n\n<p>Wir versuchen, den Einfl\u00fcssen nicht zuletzt durch Projekte im Rahmen des \u00bbAb in die Mitte!\u00ab-St\u00e4dtewettbewerbs kreativ entgegenzuwirken. Die L\u00f6sungsans\u00e4tze zielen einerseits darauf, zus\u00e4tzliche Frequenz f\u00fcr die bestehenden Gesch\u00e4fte zu generieren. Andererseits haben sie das Ansinnen, einstige Gesch\u00e4ftsr\u00e4ume mit innovativen, von oben genannten Entwicklungen vergleichsweise gering tangierten Initiativen zu beleben, etwa der \u00bbWilden Schule\u00ab oder dem <a rel=\"noreferrer noopener\" href=\"https:\/\/www.regionalmarkt-sachsen.de\/\" data-type=\"link\" data-id=\"https:\/\/www.regionalmarkt-sachsen.de\/\" target=\"_blank\">\u00bbRegionalmarkt Oederan\u00ab<\/a>.<\/p>\n\n\n\n<figure class=\"wp-block-image size-large\"><img loading=\"lazy\" decoding=\"async\" width=\"1280\" height=\"853\" src=\"https:\/\/www.smwa.sachsen.de\/blog\/wp-content\/uploads\/2023\/10\/Regionalmarkt-Urte-Reissmann-1280x853.jpg\" alt=\"\" class=\"wp-image-3205\" srcset=\"https:\/\/www.smwa.sachsen.de\/blog\/wp-content\/uploads\/2023\/10\/Regionalmarkt-Urte-Reissmann-1280x853.jpg 1280w, https:\/\/www.smwa.sachsen.de\/blog\/wp-content\/uploads\/2023\/10\/Regionalmarkt-Urte-Reissmann-430x287.jpg 430w, https:\/\/www.smwa.sachsen.de\/blog\/wp-content\/uploads\/2023\/10\/Regionalmarkt-Urte-Reissmann-768x512.jpg 768w, https:\/\/www.smwa.sachsen.de\/blog\/wp-content\/uploads\/2023\/10\/Regionalmarkt-Urte-Reissmann-1536x1024.jpg 1536w, https:\/\/www.smwa.sachsen.de\/blog\/wp-content\/uploads\/2023\/10\/Regionalmarkt-Urte-Reissmann-2048x1365.jpg 2048w\" sizes=\"auto, (max-width: 1280px) 100vw, 1280px\" \/><figcaption class=\"wp-element-caption\">Regionalmarkt Oederan. Bildrechte: Knut Berger<\/figcaption><\/figure>\n\n\n\n<p><strong>Oederan liegt auf halbem Weg zwischen dem Mittelzentrum Freiberg und der Gro\u00dfstadt Chemnitz. Was sind Alleinstellungsmerkmale des Oederaner Stadtzentrums bzw. welche weiteren Marketingma\u00dfnahmen sollen die Einheimischen, die Bewohner der umliegenden Kommunen und Touristen in das Stadtzentrum locken?<\/strong><\/p>\n\n\n\n<p>Oederan bem\u00fcht sich seit langem, eine attraktive Kleinstadt zwischen den Zentren Freiberg und Chemnitz zu sein. Neben dem 26.000 Quadratmeter gro\u00dfen <a rel=\"noreferrer noopener\" href=\"https:\/\/www.erlebnisbad-oederan.de\/\" data-type=\"link\" data-id=\"https:\/\/www.erlebnisbad-oederan.de\/\" target=\"_blank\">Erlebnisbad<\/a> oder der weithin bekannten <a rel=\"noreferrer noopener\" href=\"https:\/\/www.volkskunstschule.de\/\" data-type=\"link\" data-id=\"https:\/\/www.volkskunstschule.de\/\" target=\"_blank\">VOLKSKUNSTSCHULE<\/a> ist gerade auch im Stadtzentrum viel geschehen. Hier m\u00f6chte ich zus\u00e4tzlich zum entstehenden Wildpflanzenpark speziell zwei Initiativen erw\u00e4hnen: die <a rel=\"noreferrer noopener\" href=\"https:\/\/www.perspektiva-oederan.de\/\" target=\"_blank\">PERSPEKTIVA<\/a> und den Regionalmarkt Oederan. Beides sind erfolgreich umgesetzte St\u00e4dtewettbewerbsprojekte.<\/p>\n\n\n\n<p>Die PERSPEKTIVA ist eine mobile Freiluft-Fotoausstellung. Sie zeigt mehrfach j\u00e4hrlich wechselnd Bilder namhafter K\u00fcnstler und Ergebnisse von Mitmachprojekten. Bisweilen werden die transportablen Fotohalter auch in andere Gemeinden gebracht. U.a. k\u00fcnden sie dort von der Kreativit\u00e4t Oederans.<\/p>\n\n\n\n<p>Der <a rel=\"noreferrer noopener\" href=\"https:\/\/www.regionalmarkt-sachsen.de\/\" target=\"_blank\">Regionalmarkt Oederan<\/a> \u00f6ffnete im Fr\u00fchjahr 2023 innerhalb einer traditionsreichen Innenstadtimmobilie. Er bietet auf 800 Quadratmetern Lebensmittel regionaler Herkunft an. Er wird zudem durch Veranstaltungen, etwa das Herbst- bzw. Kartoffelfest, aktiv bespielt. Der Regionalmarkt hat f\u00fcr die gesamte Immobilie einen Sanierungs- und Entwicklungsschub gebracht. Beispielhaft daf\u00fcr steht eine 400 Quadratmeter gro\u00dfe innovative Bogensportarena, an der derzeit intensiv gearbeitet wird und die im Dezember 2023 in derselben Immobilie er\u00f6ffnen wird.&nbsp;&nbsp;&nbsp;<\/p>\n\n\n\n<figure class=\"wp-block-embed is-type-video is-provider-youtube wp-block-embed-youtube wp-embed-aspect-16-9 wp-has-aspect-ratio\"><div class=\"wp-block-embed__wrapper\">\n <div class=\"brlbs-cmpnt-container brlbs-cmpnt-content-blocker brlbs-cmpnt-with-individual-styles\" data-borlabs-cookie-content-blocker-id=\"youtube-content-blocker\" data-borlabs-cookie-content=\"PGlmcmFtZSB0aXRsZT0iRGVyIEVzc2JhcmUgV2lsZHBmbGFuemVucGFyayBpbiBPZWRlcmFuIHwgTURSIEdhcnRlbiIgd2lkdGg9Ijg4MCIgaGVpZ2h0PSI0OTUiIHNyYz0iaHR0cHM6Ly93d3cueW91dHViZS1ub2Nvb2tpZS5jb20vZW1iZWQvZl9jempTU1UteW8\/ZmVhdHVyZT1vZW1iZWQiIGZyYW1lYm9yZGVyPSIwIiBhbGxvdz0iYWNjZWxlcm9tZXRlcjsgYXV0b3BsYXk7IGNsaXBib2FyZC13cml0ZTsgZW5jcnlwdGVkLW1lZGlhOyBneXJvc2NvcGU7IHBpY3R1cmUtaW4tcGljdHVyZTsgd2ViLXNoYXJlIiBhbGxvd2Z1bGxzY3JlZW4+PC9pZnJhbWU+\"><div class=\"brlbs-cmpnt-cb-preset-c brlbs-cmpnt-cb-youtube\"> <div class=\"brlbs-cmpnt-cb-thumbnail\" style=\"background-image: url('https:\/\/www.smwa.sachsen.de\/blog\/wp-content\/uploads\/borlabs-cookie\/1\/brlbs-cb-youtube-main.png')\"><\/div> <div class=\"brlbs-cmpnt-cb-main\"> <div class=\"brlbs-cmpnt-cb-play-button\"><\/div> <div class=\"brlbs-cmpnt-cb-content\"> <p class=\"brlbs-cmpnt-cb-description\">Sie sehen gerade einen Platzhalterinhalt von <strong>YouTube<\/strong>. Um auf den eigentlichen Inhalt zuzugreifen, klicken Sie auf die Schaltfl\u00e4che unten. Bitte beachten Sie, dass dabei Daten an Drittanbieter weitergegeben werden.<\/p> <a class=\"brlbs-cmpnt-cb-provider-toggle\" href=\"#\" data-borlabs-cookie-show-provider-information role=\"button\">Mehr Informationen<\/a> <\/div> <div class=\"brlbs-cmpnt-cb-buttons\"> <a class=\"brlbs-cmpnt-cb-btn\" href=\"#\" data-borlabs-cookie-unblock role=\"button\">Inhalt entsperren<\/a> <a class=\"brlbs-cmpnt-cb-btn\" href=\"#\" data-borlabs-cookie-accept-service role=\"button\" style=\"display: inherit\">Erforderlichen Service akzeptieren und Inhalte entsperren<\/a> <\/div> <\/div> <\/div><\/div>\n<\/div><figcaption class=\"wp-element-caption\">Quelle: YouTube\/MDR Garten<\/figcaption><\/figure>\n\n\n\n<p><strong>Was erhofft sich Oederan mittel- bis langfristig vom Welterbetitel f\u00fcr die <a rel=\"noreferrer noopener\" href=\"https:\/\/www.montanregion-erzgebirge.de\/\" data-type=\"link\" data-id=\"https:\/\/www.montanregion-erzgebirge.de\/\" target=\"_blank\">Montanregion Erzgebirge\/Kru\u0161noho\u0159\u00ed<\/a>?<\/strong><\/p>\n\n\n\n<p>Der Welterbetitel tr\u00e4gt dazu bei, die einzigartige Kultur und Geschichte des Erzgebirges bekannter zu machen. Dies sollte wiederum dazu f\u00fchren, mehr ausw\u00e4rtige Besucher auch nach Oederan zu bringen. Was wiederum die lokale Wirtschaft \u2013 Gastronomie, Hotellerie und Einzelhandel \u2013 st\u00fctzen sollte.<\/p>\n\n\n\n<p>Daneben sollte die Wertsch\u00e4tzung, die dieser Titel mit sich bringt, auch auf die infrastrukturelle Entwicklung der Region ausstrahlen. Die Politik ist gefordert, hier Verbesserungen einerseits an historisch bedeutsamen Geb\u00e4uden, andererseits aber auch am Stra\u00dfen- und Wegenetz zu unterst\u00fctzen.&nbsp;<\/p>\n\n\n\n<h2 class=\"wp-block-heading\">Wie die Jury die Preisvergabe an Oederan begr\u00fcndete<\/h2>\n\n\n\n<p>Natur ist in aller Munde. Auch in Oederan. Das Konzept \u00bbErn\u00e4hrung neu gedacht \u2013 essbare Wildpflanzen in der Stadt\u00ab \u00fcberzeugt, indem es liebenswert einfach die Natur nicht zum Selbstzweck erkl\u00e4rt, sondern den Menschen die Natur in die Stadt bringt. Und das nicht nur visuell mit einer entsprechenden Gestaltung von (Wildpflanzen-)Parkfl\u00e4chen quer durch die Innenstadt, sondern auch kulinarisch mit Regiomarkt, Kursen, Restaurant und Kochbuch. In den Corona-Krisenzeiten, wo eventuelle Frustern\u00e4hrung die Bewegung \u00fcberdeckte, erh\u00e4lt nun die gesunde Ern\u00e4hrung einen noch gr\u00f6\u00dferen Stellenwert.<\/p>\n\n\n\n<p>So \u00fcberzeugte diese ern\u00e4hrungsp\u00e4dagogische Freiluftschule die Jury, da sie so vieles mit nachhaltiger Wirkung in sich vereint: Naturn\u00e4he in der Innenstadt, direktes und begleitendes b\u00fcrgerliches Engagement \u00fcber den Verein \u00bbWildes Oederan e.V.\u00ab und eine Verwirklichung des Trends der gesunden Ern\u00e4hrung. Zudem dient die Projektidee wunderbar als inspirierende Blaupause (Parkanlage, Kurse, Kochbuch usw.) f\u00fcr andere St\u00e4dte. Und nicht zuletzt setzt Oederan mit dem neuen Projekt die Historie zu seinen Wettbewerbsbeitr\u00e4gen der vergangenen Jahre mit einem v\u00f6llig neuen Thema fort und wandelt so in den vom Wettbewerb gew\u00fcnschten Themenwelten.<\/p>\n\n\n\n<figure class=\"wp-block-image size-large\"><img loading=\"lazy\" decoding=\"async\" width=\"1280\" height=\"853\" src=\"https:\/\/www.smwa.sachsen.de\/blog\/wp-content\/uploads\/2023\/10\/Eroeffnung-erste-7-Tafeln-Wildpflanzenpark-Michael-Herklotz-1280x853.jpg\" alt=\"\" class=\"wp-image-3207\" srcset=\"https:\/\/www.smwa.sachsen.de\/blog\/wp-content\/uploads\/2023\/10\/Eroeffnung-erste-7-Tafeln-Wildpflanzenpark-Michael-Herklotz-1280x853.jpg 1280w, https:\/\/www.smwa.sachsen.de\/blog\/wp-content\/uploads\/2023\/10\/Eroeffnung-erste-7-Tafeln-Wildpflanzenpark-Michael-Herklotz-430x287.jpg 430w, https:\/\/www.smwa.sachsen.de\/blog\/wp-content\/uploads\/2023\/10\/Eroeffnung-erste-7-Tafeln-Wildpflanzenpark-Michael-Herklotz-768x512.jpg 768w, https:\/\/www.smwa.sachsen.de\/blog\/wp-content\/uploads\/2023\/10\/Eroeffnung-erste-7-Tafeln-Wildpflanzenpark-Michael-Herklotz-1536x1024.jpg 1536w, https:\/\/www.smwa.sachsen.de\/blog\/wp-content\/uploads\/2023\/10\/Eroeffnung-erste-7-Tafeln-Wildpflanzenpark-Michael-Herklotz-2048x1365.jpg 2048w\" sizes=\"auto, (max-width: 1280px) 100vw, 1280px\" \/><figcaption class=\"wp-element-caption\">Er\u00f6ffnung der ersten sieben Tafeln im Oederaner Wildpflanzenpark. Bildrechte: Michael Herklotz<\/figcaption><\/figure>\n\n\n\n<h2 class=\"wp-block-heading\">Bilanz des 19. Innenstadt-Wettbewerbs \u00bbAb in die Mitte!\u00ab<\/h2>\n\n\n\n<p>Der Freistaat Sachsen hat den City-Wettbewerb auch 2022 mit zus\u00e4tzlichen Mitteln unterst\u00fctzt. Ausgelobt waren Preisgelder in H\u00f6he von insgesamt 300.000 Euro. Das Jahresmotto lautete \u00bbKreativ aus der Krise \u2013 Innenstadt neu denken!\u00ab Die Schirmherrschaft, die j\u00e4hrlich zwischen dem Wirtschaftsministerium (SMWA) und dem Regionalentwicklungsministerium (SMR) wechselt, lag beim SMWA.<\/p>\n\n\n\n<p>\u00bbUnser Ziel sind lebendige und lebenswerte Innenst\u00e4dte, wo sich Menschen treffen, einkaufen, arbeiten, was erleben \u2013 schlicht: wo der B\u00e4r steppt. Wie wichtig das ist, zeigt die gro\u00dfe Resonanz auf die City-Offensive. 34 Bewerbungen aus 33 St\u00e4dten und Gemeinden sind eingegangen\u00ab, sagte Staatssekret\u00e4r Thomas Kralinski zur Abschlussveranstaltung in Leipzig und betonte: \u00bbViele der ausgezeichneten Projekte besch\u00e4ftigen sich mit den gro\u00dfen Herausforderungen unserer Zeit, wie den Folgen der Corona-Pandemie, Klimaschutz, Nachhaltigkeit, Digitalisierung und moderne Mobilit\u00e4t. Das zeugt von weitsichtigem Denken in Sachsens Kommunen. Was wir brauchen, ist ein neuer Mix aus Wohnen, Kultur, Freizeit, Erlebnis, Mobilit\u00e4t und Einzelhandel. Und vor allem brauchen wir den Mut, Neues in unseren Zentren auszuprobieren.\u00ab<\/p>\n\n\n\n<p>Ein weiterer mit 30.000 Euro dotierter erster Preis ging nach Oederan f\u00fcr das Projekt \u00bbErn\u00e4hrung neu gedacht \u2013 Essbare Wildpflanzen in der Stadt\u00ab. Die jeweils mit 20.000 Euro dotierten zweiten Pl\u00e4tze belegten G\u00f6rlitz, Grimma, Hohnstein und Niesky. Jeweils 12.000 Euro erhielten die Drittplatzierten Auerbach\/Vogtland, Bernstadt auf dem Eigen, Burgst\u00e4dt, Chemnitz, Hoyerswerda, Mei\u00dfen, Mittweida und Torgau. Anerkennungspreise (jeweils 5.000 Euro) vergab die Jury an Dresden, Eilenburg, Fl\u00f6ha, Kamenz, Lengenfeld, Mulda, Pockau-Lengefeld, Reichenbach im Vogtland, Rodewisch, Sebnitz, Stollberg\/Erzgebirge und Zittau.<\/p>\n\n\n\n<p>Chemnitz konnte sich f\u00fcr sein Projekt \u00bbAugmented Reality \u2013 Erlebnisse f\u00fcr die Chemnitzer Innenstadt\u00ab zus\u00e4tzlich \u00fcber den vom s\u00e4chsischen Wirtschaftsministerium gestifteten Sonderpreis \u00bbEinzelhandel\u00ab (10.000 Euro) freuen. Eine App soll mit digitalen Anreizen (\u00bberweiterte Realit\u00e4t\u00ab) potenzielle Kunden in die City locken und auch in weniger frequentierte Lagen lotsen.<\/p>\n\n\n\n<p>Dar\u00fcber hinaus haben verschiedene Sponsoren Sonderpreise f\u00fcr die Projekte aus Auerbach, Oederan und Reichenbach (Kategorie \u00bbBl\u00fchendes Zentrum\u00ab), Bernstadt (Kategorie \u00bbNachhaltige Stadtentwicklung\u00ab) und Mittweida (Kategorie \u00bbLicht\u00ab) gestiftet.<\/p>\n\n\n\n<p>Die Preisverleihung des diesj\u00e4hrigen Wettbewerbs wird am 14. November 2023 in Mei\u00dfen stattfinden.<\/p>\n","protected":false},"excerpt":{"rendered":"<p>Oederan hat 2022 neben Freiberg einen der beiden ersten Preise des 19. Innenstadtwettbewerbs \u00bbAb in die Mitte! Die City-Offensive Sachsen\u00ab erhalten. Der Freistaat hat die mit 30.000 Euro dotierte Auszeichnung f\u00fcr das Projekt \u00bbErn\u00e4hrung neu gedacht \u2013 Essbare Wildpflanzen in der Stadt\u00ab vergeben. Wie steht es um das Vorhaben und die Innenstadt der Kleinstadt (7.700 [&hellip;]<\/p>\n","protected":false},"author":9,"featured_media":3213,"comment_status":"open","ping_status":"open","sticky":false,"template":"","format":"standard","meta":{"episode_type":"","audio_file":"","podmotor_file_id":"","podmotor_episode_id":"","cover_image":"","cover_image_id":"","duration":"","filesize":"","filesize_raw":"","date_recorded":"","explicit":"","block":"","footnotes":""},"categories":[1,6],"tags":[356,349],"class_list":["post-3194","post","type-post","status-publish","format-standard","has-post-thumbnail","hentry","category-aktuelles","category-wirtschaft","tag-einzelhandel","tag-innenstadt"],"_links":{"self":[{"href":"https:\/\/www.smwa.sachsen.de\/blog\/wp-json\/wp\/v2\/posts\/3194","targetHints":{"allow":["GET"]}}],"collection":[{"href":"https:\/\/www.smwa.sachsen.de\/blog\/wp-json\/wp\/v2\/posts"}],"about":[{"href":"https:\/\/www.smwa.sachsen.de\/blog\/wp-json\/wp\/v2\/types\/post"}],"author":[{"embeddable":true,"href":"https:\/\/www.smwa.sachsen.de\/blog\/wp-json\/wp\/v2\/users\/9"}],"replies":[{"embeddable":true,"href":"https:\/\/www.smwa.sachsen.de\/blog\/wp-json\/wp\/v2\/comments?post=3194"}],"version-history":[{"count":18,"href":"https:\/\/www.smwa.sachsen.de\/blog\/wp-json\/wp\/v2\/posts\/3194\/revisions"}],"predecessor-version":[{"id":3217,"href":"https:\/\/www.smwa.sachsen.de\/blog\/wp-json\/wp\/v2\/posts\/3194\/revisions\/3217"}],"wp:featuredmedia":[{"embeddable":true,"href":"https:\/\/www.smwa.sachsen.de\/blog\/wp-json\/wp\/v2\/media\/3213"}],"wp:attachment":[{"href":"https:\/\/www.smwa.sachsen.de\/blog\/wp-json\/wp\/v2\/media?parent=3194"}],"wp:term":[{"taxonomy":"category","embeddable":true,"href":"https:\/\/www.smwa.sachsen.de\/blog\/wp-json\/wp\/v2\/categories?post=3194"},{"taxonomy":"post_tag","embeddable":true,"href":"https:\/\/www.smwa.sachsen.de\/blog\/wp-json\/wp\/v2\/tags?post=3194"}],"curies":[{"name":"wp","href":"https:\/\/api.w.org\/{rel}","templated":true}]}}