{"id":2251,"date":"2023-05-25T15:17:18","date_gmt":"2023-05-25T14:17:18","guid":{"rendered":"https:\/\/www.smwa.sachsen.de\/blog\/?p=2251"},"modified":"2023-05-26T14:36:42","modified_gmt":"2023-05-26T13:36:42","slug":"technologiefoerderung-und-markteinfuehrung-sachsen-unterstuetzt-innovative-unternehmen-bis-2027-mit-740-millionen-euro","status":"publish","type":"post","link":"https:\/\/www.smwa.sachsen.de\/blog\/2023\/05\/25\/technologiefoerderung-und-markteinfuehrung-sachsen-unterstuetzt-innovative-unternehmen-bis-2027-mit-740-millionen-euro\/","title":{"rendered":"Technologief\u00f6rderung und Markteinf\u00fchrung: Sachsen unterst\u00fctzt innovative Unternehmen bis 2027 mit 740 Millionen Euro"},"content":{"rendered":"\n<p>Seit Beginn des Jahres 2023 hat der Freistaat Sachsen eine Reihe von F\u00f6rderprogrammen f\u00fcr innovative Unternehmen neu aufgelegt. F\u00fcr neue Technologien und deren Markteinf\u00fchrung stehen mit Unterst\u00fctzung der Europ\u00e4ischen Union rund 740 Millionen Euro zur Verf\u00fcgung. Diese Summe verteilt sich auf die EFRE\/JTF-Technologief\u00f6rderung, das MINT-Fachkr\u00e4fteprogramm ESF Plus und die EFRE-gef\u00f6rderte Markteinf\u00fchrung innovativer Produkte, Verfahren oder Dienstleistungen.<\/p>\n\n\n\n<!--more-->\n\n\n\n<p>Unter dem Motto <a href=\"https:\/\/www.xn--europa-frdert-sachsen-oec.de\/de\/\" target=\"_blank\" rel=\"noreferrer noopener\">\u00bbEuropa f\u00f6rdert Sachsen\u00ab<\/a> hat das s\u00e4chsische Wirtschaftsministerium interessierte Unternehmen am 24. Mai in der Leipziger Zentrale der S\u00e4chsischen Aufbaubank &#8211; F\u00f6rderbank &#8211; (SAB) \u00fcber die Programme im Bereich der Technologief\u00f6rderung und Markteinf\u00fchrung informiert:<\/p>\n\n\n\n<ul class=\"wp-block-list\">\n<li>Mit der&nbsp;<strong>\u00bbEFRE\/JTF-Technologief\u00f6rderung 2021 bis 2027\u00ab<\/strong>&nbsp;erm\u00f6glicht Sachsen auch weiterhin die F\u00f6rderung von Forschung und Entwicklung (FuE) in kleinen und mittleren Unternehmen (KMU) und deren Kooperationspartnern im Freistaat. Bis Ende 2027 stehen 600 Millionen Euro f\u00fcr FuE-Projektf\u00f6rderungen, die Technologietransferf\u00f6rderung und zur Gew\u00e4hrung von InnoPr\u00e4mien zur Verf\u00fcgung. Dar\u00fcber hinaus wurde die bislang eigenst\u00e4ndige F\u00f6rderung von Pilotlinien auf dem Gebiet der Schl\u00fcsseltechnologien nach der F\u00f6rderrichtlinie \u00bbKETs-Pilotlinien\u00ab in die neue F\u00f6rderrichtlinie integriert.<\/li>\n\n\n\n<li>Mit dem&nbsp;<strong>\u00bbMINT-Fachkr\u00e4fteprogramm ESF Plus 2021-2027\u00ab<\/strong>&nbsp;f\u00f6rdert der Freistaat die Gewinnung und Bindung hochqualifizierter Fachkr\u00e4fte in s\u00e4chsischen KMU. Bis 2027 soll ein bew\u00e4hrtes und optimiertes F\u00f6rderangebot bestehend aus Innovationsassistent, \u00bbInnoManager\u00ab, Transferassistent und \u00bbInnoTeam\u00ab die Innovationskraft der s\u00e4chsischen Wirtschaft st\u00e4rken. Hierf\u00fcr werden rund 100 Millionen Euro eingesetzt.<\/li>\n\n\n\n<li>Bei anschlie\u00dfenden Markteinf\u00fchrungsvorhaben unterst\u00fctzt Sachsen KMU sowie junge, innovative Firmen (Start-ups) auch in der laufenden EU-F\u00f6rderperiode. Hierf\u00fcr stehen im Rahmen des Programms&nbsp;<strong>\u00bbMarkteinf\u00fchrung Zuschuss EFRE 2021 bis 2027\u00ab<\/strong>&nbsp;rund 40 Millionen Euro an EFRE- und Landesmitteln zur Verf\u00fcgung.<\/li>\n<\/ul>\n\n\n\n<p>Vorhabensideen und F\u00f6rderantr\u00e4ge k\u00f6nnen digital \u00fcber das <a href=\"https:\/\/www.sab.sachsen.de\/\" target=\"_blank\" rel=\"noreferrer noopener\">F\u00f6rderportal der S\u00e4chsischen Aufbaubank \u2013 F\u00f6rderbank \u2013 (SAB)<\/a> eingereicht bzw. gestellt werden. <\/p>\n\n\n\n<figure class=\"wp-block-gallery has-nested-images columns-default is-cropped wp-block-gallery-1 is-layout-flex wp-block-gallery-is-layout-flex\">\n<figure class=\"wp-block-image size-large\"><img loading=\"lazy\" decoding=\"async\" width=\"1280\" height=\"853\" data-id=\"2256\" src=\"https:\/\/www.smwa.sachsen.de\/blog\/wp-content\/uploads\/2023\/05\/20230524_smwa-dialogveranstaltung-sab_v12-1280x853.jpg\" alt=\"\" class=\"wp-image-2256\" srcset=\"https:\/\/www.smwa.sachsen.de\/blog\/wp-content\/uploads\/2023\/05\/20230524_smwa-dialogveranstaltung-sab_v12-1280x853.jpg 1280w, https:\/\/www.smwa.sachsen.de\/blog\/wp-content\/uploads\/2023\/05\/20230524_smwa-dialogveranstaltung-sab_v12-430x287.jpg 430w, https:\/\/www.smwa.sachsen.de\/blog\/wp-content\/uploads\/2023\/05\/20230524_smwa-dialogveranstaltung-sab_v12-768x512.jpg 768w, https:\/\/www.smwa.sachsen.de\/blog\/wp-content\/uploads\/2023\/05\/20230524_smwa-dialogveranstaltung-sab_v12-1536x1024.jpg 1536w, https:\/\/www.smwa.sachsen.de\/blog\/wp-content\/uploads\/2023\/05\/20230524_smwa-dialogveranstaltung-sab_v12-2048x1365.jpg 2048w\" sizes=\"auto, (max-width: 1280px) 100vw, 1280px\" \/><figcaption class=\"wp-element-caption\">Dr. Katrin Leonhardt, Vorstandsvorsitzende der SAB, bei der Begr\u00fc\u00dfung im Auditorium der SAB-Zentrale.<\/figcaption><\/figure>\n<\/figure>\n\n\n\n<figure class=\"wp-block-image size-large\"><img loading=\"lazy\" decoding=\"async\" width=\"1280\" height=\"853\" src=\"https:\/\/www.smwa.sachsen.de\/blog\/wp-content\/uploads\/2023\/05\/20230524_smwa-dialogveranstaltung-sab_v09-1280x853.jpg\" alt=\"\" class=\"wp-image-2277\" srcset=\"https:\/\/www.smwa.sachsen.de\/blog\/wp-content\/uploads\/2023\/05\/20230524_smwa-dialogveranstaltung-sab_v09-1280x853.jpg 1280w, https:\/\/www.smwa.sachsen.de\/blog\/wp-content\/uploads\/2023\/05\/20230524_smwa-dialogveranstaltung-sab_v09-430x287.jpg 430w, https:\/\/www.smwa.sachsen.de\/blog\/wp-content\/uploads\/2023\/05\/20230524_smwa-dialogveranstaltung-sab_v09-768x512.jpg 768w, https:\/\/www.smwa.sachsen.de\/blog\/wp-content\/uploads\/2023\/05\/20230524_smwa-dialogveranstaltung-sab_v09-1536x1024.jpg 1536w, https:\/\/www.smwa.sachsen.de\/blog\/wp-content\/uploads\/2023\/05\/20230524_smwa-dialogveranstaltung-sab_v09-2048x1365.jpg 2048w\" sizes=\"auto, (max-width: 1280px) 100vw, 1280px\" \/><figcaption class=\"wp-element-caption\">Bildrechte (alle Fotos): SMWA\/Frank Gr\u00e4tz<\/figcaption><\/figure>\n\n\n\n<p>Der s\u00e4chsische Wirtschafts- und Arbeitsminister Martin Dulig und die SAB-Vorstandsvorsitzende Dr. Katrin Leonhardt ermutigten in ihren Er\u00f6ffnungsworten die G\u00e4ste, die immensen Herausforderungen der digitalen und nachhaltigen Transformationsprozesse in Wirtschaft und Gesellschaft anzugehen &#8211; und die sich daraus ergebenden Chancen mit Unterst\u00fctzung von Freistaat und EU zu ergreifen. <\/p>\n\n\n\n<p>\u00bbNeue Produkte und Ideen zu entwickeln erfordert Kraft und Ausdauer. Mit den Programmen der Technologief\u00f6rderung und Markteinf\u00fchrung f\u00f6rdern wir auch weiterhin s\u00e4chsische Unternehmen bei Forschung, Entwicklung und Innovation. Auch in herausfordernden Zeiten unterst\u00fctzen wir die Unternehmen dabei, neue L\u00f6sungen zu entwickeln und an den Markt zu bringen\u00ab, so Dulig. <\/p>\n\n\n\n<p>\u00bbWir werden technologische Spr\u00fcnge brauchen, die wir uns heute in Teilen noch nicht vorstellen k\u00f6nnen\u00ab, erg\u00e4nzte Leonhardt. Allein im Klimaschutz seien bis 2045 Investitionen in H\u00f6he von f\u00fcnf Billionen Euro erforderlich, um in Deutschland die angestrebte Klimaneutralit\u00e4t zu gew\u00e4hrleisten.<\/p>\n\n\n\n<figure class=\"wp-block-image size-large\"><img loading=\"lazy\" decoding=\"async\" width=\"1280\" height=\"853\" src=\"https:\/\/www.smwa.sachsen.de\/blog\/wp-content\/uploads\/2023\/05\/20230524_smwa-dialogveranstaltung-sab_v13-1-1280x853.jpg\" alt=\"\" class=\"wp-image-2258\" srcset=\"https:\/\/www.smwa.sachsen.de\/blog\/wp-content\/uploads\/2023\/05\/20230524_smwa-dialogveranstaltung-sab_v13-1-1280x853.jpg 1280w, https:\/\/www.smwa.sachsen.de\/blog\/wp-content\/uploads\/2023\/05\/20230524_smwa-dialogveranstaltung-sab_v13-1-430x287.jpg 430w, https:\/\/www.smwa.sachsen.de\/blog\/wp-content\/uploads\/2023\/05\/20230524_smwa-dialogveranstaltung-sab_v13-1-768x512.jpg 768w, https:\/\/www.smwa.sachsen.de\/blog\/wp-content\/uploads\/2023\/05\/20230524_smwa-dialogveranstaltung-sab_v13-1-1536x1024.jpg 1536w, https:\/\/www.smwa.sachsen.de\/blog\/wp-content\/uploads\/2023\/05\/20230524_smwa-dialogveranstaltung-sab_v13-1-2048x1365.jpg 2048w\" sizes=\"auto, (max-width: 1280px) 100vw, 1280px\" \/><figcaption class=\"wp-element-caption\">Impulsvortrag von Sunfire-Gr\u00fcnder Christian von Olshausen<\/figcaption><\/figure>\n\n\n\n<p>Christian von Olshausen, Gr\u00fcnder und CTO der Dresdner Sunfire GmbH, gab den rund 150 Teilnehmenden Einblicke in das innovative, von Bund und Land gef\u00f6rderte s\u00e4chsische Elektrolyse-Unternehmen. Mit Gr\u00fcndergeist, Beharrlichkeit und dem richtigen Gesp\u00fcr f\u00fcr den Markt haben er und seine Gesch\u00e4ftspartner ihr &#8211; anfangs bisweilen bel\u00e4cheltes &#8211; Vorhaben konsequent vorangetrieben. Der Aufbau einer <a rel=\"noreferrer noopener\" href=\"https:\/\/www.sunfire.de\/de\/news\/detail\/gruenes-licht-fuer-sunfire-307\" target=\"_blank\">Serienfertigung von Elektrolyseuren<\/a> wird seit 2022 von Bund und Land im Rahmen des europ\u00e4ischen IPCEI-Wasserstoffprojektes gef\u00f6rdert. Dies ist f\u00fcr den Hochlauf einer geschlossenen Wasserstoff-Wertsch\u00f6pfungskette essenziell. Ebenfalls 2022 wurde bekannt, <a rel=\"noreferrer noopener\" href=\"https:\/\/www.sunfire.de\/de\/news\/detail\/amazon-investiert-in-sunfire\" target=\"_blank\">dass Amazon mit seinem Klimafonds bei Sunfire einsteigen m\u00f6chte<\/a> &#8211; eine s\u00e4chsische Erfolgsgeschichte mit Strahlkraft und Vorbildwirkung.<\/p>\n\n\n\n<p>\u00bbWir sind stolz darauf, dass in Sachsen mit der gr\u00fcnen Wasserstoffwirtschaft ein neuer durch und durch zukunftsweisender Wirtschaftszweig entsteht\u00ab, betont der s\u00e4chsische Wirtschaftsminister Martin Dulig. \u00bbHocheffiziente, im industriellen Ma\u00dfstab hergestellte und somit kosteng\u00fcnstige Elektrolyseure sind die Grundvoraussetzung f\u00fcr eine nachhaltige Versorgung der Industrie mit Wasserstoff.\u00ab<\/p>\n\n\n\n<p><strong>Die Dialogveranstaltung zum Nachschauen:<\/strong> <a rel=\"noreferrer noopener\" href=\"https:\/\/www.youtube.com\/watch?app=desktop&amp;v=hQpbGb2iymM\" target=\"_blank\">Europa f\u00f6rdert Sachsen &#8211; Dialogveranstaltung von SMWA &amp; SAB zur Technologief\u00f6rderung\/Markteinf\u00fchrung &#8211; YouTube<\/a><\/p>\n\n\n\n<figure class=\"wp-block-embed is-type-video is-provider-youtube wp-block-embed-youtube wp-embed-aspect-16-9 wp-has-aspect-ratio\"><div class=\"wp-block-embed__wrapper\">\n <div class=\"brlbs-cmpnt-container brlbs-cmpnt-content-blocker brlbs-cmpnt-with-individual-styles\" data-borlabs-cookie-content-blocker-id=\"youtube-content-blocker\" data-borlabs-cookie-content=\"PGlmcmFtZSB0aXRsZT0iRXVyb3BhIGbDtnJkZXJ0IFNhY2hzZW4gLSBEaWFsb2d2ZXJhbnN0YWx0dW5nIHZvbiBTTVdBICZhbXA7IFNBQiB6dXIgVGVjaG5vbG9naWVmw7ZyZGVydW5nL01hcmt0ZWluZsO8aHJ1bmciIHdpZHRoPSI4ODAiIGhlaWdodD0iNDk1IiBzcmM9Imh0dHBzOi8vd3d3LnlvdXR1YmUtbm9jb29raWUuY29tL2VtYmVkL2hRcGJHYjJpeW1NP2ZlYXR1cmU9b2VtYmVkIiBmcmFtZWJvcmRlcj0iMCIgYWxsb3c9ImFjY2VsZXJvbWV0ZXI7IGF1dG9wbGF5OyBjbGlwYm9hcmQtd3JpdGU7IGVuY3J5cHRlZC1tZWRpYTsgZ3lyb3Njb3BlOyBwaWN0dXJlLWluLXBpY3R1cmU7IHdlYi1zaGFyZSIgYWxsb3dmdWxsc2NyZWVuPjwvaWZyYW1lPg==\"><div class=\"brlbs-cmpnt-cb-preset-c brlbs-cmpnt-cb-youtube\"> <div class=\"brlbs-cmpnt-cb-thumbnail\" style=\"background-image: url('https:\/\/www.smwa.sachsen.de\/blog\/wp-content\/uploads\/borlabs-cookie\/1\/yt_hQpbGb2iymM_hqdefault.jpg')\"><\/div> <div class=\"brlbs-cmpnt-cb-main\"> <div class=\"brlbs-cmpnt-cb-play-button\"><\/div> <div class=\"brlbs-cmpnt-cb-content\"> <p class=\"brlbs-cmpnt-cb-description\">Sie sehen gerade einen Platzhalterinhalt von <strong>YouTube<\/strong>. Um auf den eigentlichen Inhalt zuzugreifen, klicken Sie auf die Schaltfl\u00e4che unten. Bitte beachten Sie, dass dabei Daten an Drittanbieter weitergegeben werden.<\/p> <a class=\"brlbs-cmpnt-cb-provider-toggle\" href=\"#\" data-borlabs-cookie-show-provider-information role=\"button\">Mehr Informationen<\/a> <\/div> <div class=\"brlbs-cmpnt-cb-buttons\"> <a class=\"brlbs-cmpnt-cb-btn\" href=\"#\" data-borlabs-cookie-unblock role=\"button\">Inhalt entsperren<\/a> <a class=\"brlbs-cmpnt-cb-btn\" href=\"#\" data-borlabs-cookie-accept-service role=\"button\" style=\"display: inherit\">Erforderlichen Service akzeptieren und Inhalte entsperren<\/a> <\/div> <\/div> <\/div><\/div>\n<\/div><\/figure>\n\n\n\n<figure class=\"wp-block-image size-large\"><img loading=\"lazy\" decoding=\"async\" width=\"1280\" height=\"853\" src=\"https:\/\/www.smwa.sachsen.de\/blog\/wp-content\/uploads\/2023\/05\/20230524_smwa-dialogveranstaltung-sab_v16-1280x853.jpg\" alt=\"\" class=\"wp-image-2259\" srcset=\"https:\/\/www.smwa.sachsen.de\/blog\/wp-content\/uploads\/2023\/05\/20230524_smwa-dialogveranstaltung-sab_v16-1280x853.jpg 1280w, https:\/\/www.smwa.sachsen.de\/blog\/wp-content\/uploads\/2023\/05\/20230524_smwa-dialogveranstaltung-sab_v16-430x287.jpg 430w, https:\/\/www.smwa.sachsen.de\/blog\/wp-content\/uploads\/2023\/05\/20230524_smwa-dialogveranstaltung-sab_v16-768x512.jpg 768w, https:\/\/www.smwa.sachsen.de\/blog\/wp-content\/uploads\/2023\/05\/20230524_smwa-dialogveranstaltung-sab_v16-1536x1024.jpg 1536w, https:\/\/www.smwa.sachsen.de\/blog\/wp-content\/uploads\/2023\/05\/20230524_smwa-dialogveranstaltung-sab_v16-2048x1365.jpg 2048w\" sizes=\"auto, (max-width: 1280px) 100vw, 1280px\" \/><figcaption class=\"wp-element-caption\">Gespr\u00e4chsrunde mit Heike Hempel (2. von rechts), Leiterin des Referates \u00bbTechnologie\u00ab im SMWA.<\/figcaption><\/figure>\n\n\n\n<figure class=\"wp-block-image size-large\"><img loading=\"lazy\" decoding=\"async\" width=\"1280\" height=\"853\" src=\"https:\/\/www.smwa.sachsen.de\/blog\/wp-content\/uploads\/2023\/05\/20230524_smwa-dialogveranstaltung-sab_v18-1280x853.jpg\" alt=\"\" class=\"wp-image-2260\" srcset=\"https:\/\/www.smwa.sachsen.de\/blog\/wp-content\/uploads\/2023\/05\/20230524_smwa-dialogveranstaltung-sab_v18-1280x853.jpg 1280w, https:\/\/www.smwa.sachsen.de\/blog\/wp-content\/uploads\/2023\/05\/20230524_smwa-dialogveranstaltung-sab_v18-430x287.jpg 430w, https:\/\/www.smwa.sachsen.de\/blog\/wp-content\/uploads\/2023\/05\/20230524_smwa-dialogveranstaltung-sab_v18-768x512.jpg 768w, https:\/\/www.smwa.sachsen.de\/blog\/wp-content\/uploads\/2023\/05\/20230524_smwa-dialogveranstaltung-sab_v18-1536x1024.jpg 1536w, https:\/\/www.smwa.sachsen.de\/blog\/wp-content\/uploads\/2023\/05\/20230524_smwa-dialogveranstaltung-sab_v18-2048x1365.jpg 2048w\" sizes=\"auto, (max-width: 1280px) 100vw, 1280px\" \/><figcaption class=\"wp-element-caption\">Gespr\u00e4chsrunde mit Claudia Weber (2. von rechts), Leiterin des Referates \u00bbMittelstandsfinanzierung, B\u00fcrgschaften und Existenzgr\u00fcndungen\u00ab im SMWA.<\/figcaption><\/figure>\n\n\n\n<p>Foto oben: Sachsens Wirtschaftsminister Martin Dulig und SAB-Vorstandsvorsitzende Dr. Katrin Leonhardt<\/p>\n","protected":false},"excerpt":{"rendered":"<p>Seit Beginn des Jahres 2023 hat der Freistaat Sachsen eine Reihe von F\u00f6rderprogrammen f\u00fcr innovative Unternehmen neu aufgelegt. F\u00fcr neue Technologien und deren Markteinf\u00fchrung stehen mit Unterst\u00fctzung der Europ\u00e4ischen Union rund 740 Millionen Euro zur Verf\u00fcgung. Diese Summe verteilt sich auf die EFRE\/JTF-Technologief\u00f6rderung, das MINT-Fachkr\u00e4fteprogramm ESF Plus und die EFRE-gef\u00f6rderte Markteinf\u00fchrung innovativer Produkte, Verfahren oder [&hellip;]<\/p>\n","protected":false},"author":9,"featured_media":2253,"comment_status":"open","ping_status":"open","sticky":false,"template":"","format":"standard","meta":{"episode_type":"","audio_file":"","podmotor_file_id":"","podmotor_episode_id":"","cover_image":"","cover_image_id":"","duration":"","filesize":"","filesize_raw":"","date_recorded":"","explicit":"","block":"","footnotes":""},"categories":[1,37,11,31,6],"tags":[],"class_list":["post-2251","post","type-post","status-publish","format-standard","has-post-thumbnail","hentry","category-aktuelles","category-europa","category-ideen-innovationen-zukunft","category-wasserstoff","category-wirtschaft"],"_links":{"self":[{"href":"https:\/\/www.smwa.sachsen.de\/blog\/wp-json\/wp\/v2\/posts\/2251","targetHints":{"allow":["GET"]}}],"collection":[{"href":"https:\/\/www.smwa.sachsen.de\/blog\/wp-json\/wp\/v2\/posts"}],"about":[{"href":"https:\/\/www.smwa.sachsen.de\/blog\/wp-json\/wp\/v2\/types\/post"}],"author":[{"embeddable":true,"href":"https:\/\/www.smwa.sachsen.de\/blog\/wp-json\/wp\/v2\/users\/9"}],"replies":[{"embeddable":true,"href":"https:\/\/www.smwa.sachsen.de\/blog\/wp-json\/wp\/v2\/comments?post=2251"}],"version-history":[{"count":20,"href":"https:\/\/www.smwa.sachsen.de\/blog\/wp-json\/wp\/v2\/posts\/2251\/revisions"}],"predecessor-version":[{"id":2296,"href":"https:\/\/www.smwa.sachsen.de\/blog\/wp-json\/wp\/v2\/posts\/2251\/revisions\/2296"}],"wp:featuredmedia":[{"embeddable":true,"href":"https:\/\/www.smwa.sachsen.de\/blog\/wp-json\/wp\/v2\/media\/2253"}],"wp:attachment":[{"href":"https:\/\/www.smwa.sachsen.de\/blog\/wp-json\/wp\/v2\/media?parent=2251"}],"wp:term":[{"taxonomy":"category","embeddable":true,"href":"https:\/\/www.smwa.sachsen.de\/blog\/wp-json\/wp\/v2\/categories?post=2251"},{"taxonomy":"post_tag","embeddable":true,"href":"https:\/\/www.smwa.sachsen.de\/blog\/wp-json\/wp\/v2\/tags?post=2251"}],"curies":[{"name":"wp","href":"https:\/\/api.w.org\/{rel}","templated":true}]}}