{"id":1285,"date":"2023-01-19T11:00:00","date_gmt":"2023-01-19T11:00:00","guid":{"rendered":"https:\/\/www.smwa.sachsen.de\/blog\/?p=1285"},"modified":"2023-01-31T09:41:13","modified_gmt":"2023-01-31T09:41:13","slug":"betriebsam-und-gesellig-der-neujahrsstart-im-smwa","status":"publish","type":"post","link":"https:\/\/www.smwa.sachsen.de\/blog\/2023\/01\/19\/betriebsam-und-gesellig-der-neujahrsstart-im-smwa\/","title":{"rendered":"Betriebsam und gesellig: Der Neujahrsstart im SMWA\u00a0"},"content":{"rendered":"\n<p>W\u00e4hrend im Foyer des SMWA die Weihnachtsdekoration aus der gro\u00dfen erzgebirgischen Pyramide und dem Weihnachtsbaum verschwunden ist, startet die Belegschaft des SMWA hoch motiviert ins neue Arbeitsjahr 2023. Im Stammhaus am Dresdner Carolaplatz und in der Au\u00dfenstelle an der Ammonstra\u00dfe in der N\u00e4he des Hauptbahnhofs, wird das neue Jahr arbeitsreich, aber mit der lange n\u00f6tigen, kollegialen Geselligkeit empfangen. F\u00fcr den #ZUKUNFTblog haben wir den obersten Dienstherren, Staatsminister Martin Dulig einen Tag im SMWA begleitet.&nbsp;<\/p>\n\n\n\n<!--more-->\n\n\n\n<p>Die 38 Referate des SMWA sind in sind sechs Abteilungen gegliedert. Die sechs Referate umfassende Abteilung 4 \u00bbDigitalisierung, Bergbau und Marktordnung\u00ab ist in der Au\u00dfenstelle des SMWA im B\u00fcrogeb\u00e4ude in der Ammonstra\u00dfe untergebracht. Zum traditionellen Neujahrsempfang der Abteilung 4, die von Abteilungsleiter Dr. Dirk Orlam\u00fcnder gef\u00fchrt wird, besuchte Staatsminister Dulig die dortigen Kolleginnen und Kollegen. Wie in einem Unternehmen sind auch soziale Events f\u00fcr die Belegschaft einer Verwaltung von gro\u00dfer Wichtigkeit f\u00fcr den Zusammenhalt. In Gespr\u00e4ch kommen, sich Austauschen und neue Kolleginnen und Kollegen kennenlernen &#8211; all das war gut zwei Jahre wegen der Corona-Pandemie nicht m\u00f6glich. Umso wichtiger sind solche Zusammenk\u00fcnfte \u2013 gerade in Zeiten von Homeoffice und mehr dezentraler Arbeit in der Verwaltung.&nbsp;<\/p>\n\n\n\n<div class=\"wp-block-columns is-layout-flex wp-container-core-columns-is-layout-9d6595d7 wp-block-columns-is-layout-flex\">\n<div class=\"wp-block-column is-layout-flow wp-block-column-is-layout-flow\">\n<figure class=\"wp-block-image size-large\"><img loading=\"lazy\" decoding=\"async\" width=\"1280\" height=\"853\" src=\"https:\/\/www.smwa.sachsen.de\/blog\/wp-content\/uploads\/2023\/01\/230112_SMWA-Ammonstrasse-3511-1280x853.jpg\" alt=\"\" class=\"wp-image-1287\" srcset=\"https:\/\/www.smwa.sachsen.de\/blog\/wp-content\/uploads\/2023\/01\/230112_SMWA-Ammonstrasse-3511-1280x853.jpg 1280w, https:\/\/www.smwa.sachsen.de\/blog\/wp-content\/uploads\/2023\/01\/230112_SMWA-Ammonstrasse-3511-430x287.jpg 430w, https:\/\/www.smwa.sachsen.de\/blog\/wp-content\/uploads\/2023\/01\/230112_SMWA-Ammonstrasse-3511-768x512.jpg 768w, https:\/\/www.smwa.sachsen.de\/blog\/wp-content\/uploads\/2023\/01\/230112_SMWA-Ammonstrasse-3511-1536x1024.jpg 1536w, https:\/\/www.smwa.sachsen.de\/blog\/wp-content\/uploads\/2023\/01\/230112_SMWA-Ammonstrasse-3511-2048x1365.jpg 2048w\" sizes=\"auto, (max-width: 1280px) 100vw, 1280px\" \/><figcaption class=\"wp-element-caption\">Eingangsbereich <\/figcaption><\/figure>\n<\/div>\n\n\n\n<div class=\"wp-block-column is-layout-flow wp-block-column-is-layout-flow\">\n<figure class=\"wp-block-image size-large\"><img loading=\"lazy\" decoding=\"async\" width=\"1280\" height=\"853\" src=\"https:\/\/www.smwa.sachsen.de\/blog\/wp-content\/uploads\/2023\/01\/230112_SMWA-Ammonstrasse-3519-1280x853.jpg\" alt=\"\" class=\"wp-image-1286\" srcset=\"https:\/\/www.smwa.sachsen.de\/blog\/wp-content\/uploads\/2023\/01\/230112_SMWA-Ammonstrasse-3519-1280x853.jpg 1280w, https:\/\/www.smwa.sachsen.de\/blog\/wp-content\/uploads\/2023\/01\/230112_SMWA-Ammonstrasse-3519-430x287.jpg 430w, https:\/\/www.smwa.sachsen.de\/blog\/wp-content\/uploads\/2023\/01\/230112_SMWA-Ammonstrasse-3519-768x512.jpg 768w, https:\/\/www.smwa.sachsen.de\/blog\/wp-content\/uploads\/2023\/01\/230112_SMWA-Ammonstrasse-3519-1536x1024.jpg 1536w, https:\/\/www.smwa.sachsen.de\/blog\/wp-content\/uploads\/2023\/01\/230112_SMWA-Ammonstrasse-3519-2048x1365.jpg 2048w\" sizes=\"auto, (max-width: 1280px) 100vw, 1280px\" \/><figcaption class=\"wp-element-caption\">Dienstgeb\u00e4ude des SMWA in der Ammonstra\u00dfe 10 in Dresden <\/figcaption><\/figure>\n<\/div>\n<\/div>\n\n\n\n<p>Die \u00bb4\u00ab, wie die Abteilung 4 im Haus gerne genannt wird, hat im Gegensatz zur Abteilung 3 \u00bbWirtschaft\u00ab oder der Abteilung 5 \u00bbMobilit\u00e4t\u00ab, keine engere \u00bbthematische Klammer\u00ab, wie Abteilungsleiter Dr. Orlam\u00fcnder sagt, vielmehr ist sie einen Querschnitt verschiedenster Themen. So besch\u00e4ftigt sich das Referat 42 \u00bbDigitale Infrastruktur\u00ab mit allen Fragen des Ausbaus des Breitbandausbaus oder der Netzabdeckung mit dem modernen Mobilfunkstandard 5G. In der \u00bb41\u00ab wird an Grundsatzfragen der Digitalisierung in enger Zusammenarbeit mit der Digitalagentur Sachsen, der DiAS, gearbeitet. Im Referat 46 \u00bbBergbau und Ressourcen wurde im vergangenen Jahr au\u00dferdem die neue S\u00e4chsische Rohstoffstrategie erarbeitet und koordiniert. Im Referat 47 \u00bbStrukturentwicklung, wirtschaftsrelevante Umwelt- und Energiefragen\u00ab wird intensiv an der energiepolitischen Zukunft in Sachsens Wirtschaft gearbeitet und die Marktordnung wird in Referat 44 mit der Landesregulierungsbeh\u00f6rde beim SMWA \u00fcberwacht. Rund 50 Mitarbeiterinnen und Mitarbeiter sind in den verschiedenen Referaten in der Ammonstra\u00dfe t\u00e4tig. \u00bbNicht im Haupthaus am Carolaplatz zu sitzen hat Vor- und Nachteile\u00ab sagt Abteilungsleiter Dr. Orlam\u00fcnder, der die Abteilung seit 20xx f\u00fchrt. So l\u00e4sst sich konzentriert an Themen arbeiten \u2013 wenngleich der Abstimmungsaufwand durch die Distanz zum Haupthaus manchmal zur Herausforderung wird, wenn kurze R\u00fccksprachen nur \u00fcber Telefon oder nach einer kurzen Stra\u00dfenbahnfahrt m\u00f6glich sind.&nbsp;<\/p>\n\n\n\n<div class=\"wp-block-columns is-layout-flex wp-container-core-columns-is-layout-9d6595d7 wp-block-columns-is-layout-flex\">\n<div class=\"wp-block-column is-layout-flow wp-block-column-is-layout-flow\">\n<figure class=\"wp-block-image size-large\"><img loading=\"lazy\" decoding=\"async\" width=\"1280\" height=\"853\" src=\"https:\/\/www.smwa.sachsen.de\/blog\/wp-content\/uploads\/2023\/01\/230112_SMWA-Ammonstrasse-3565-1280x853.jpg\" alt=\"\" class=\"wp-image-1289\" srcset=\"https:\/\/www.smwa.sachsen.de\/blog\/wp-content\/uploads\/2023\/01\/230112_SMWA-Ammonstrasse-3565-1280x853.jpg 1280w, https:\/\/www.smwa.sachsen.de\/blog\/wp-content\/uploads\/2023\/01\/230112_SMWA-Ammonstrasse-3565-430x287.jpg 430w, https:\/\/www.smwa.sachsen.de\/blog\/wp-content\/uploads\/2023\/01\/230112_SMWA-Ammonstrasse-3565-768x512.jpg 768w, https:\/\/www.smwa.sachsen.de\/blog\/wp-content\/uploads\/2023\/01\/230112_SMWA-Ammonstrasse-3565-1536x1024.jpg 1536w, https:\/\/www.smwa.sachsen.de\/blog\/wp-content\/uploads\/2023\/01\/230112_SMWA-Ammonstrasse-3565-2048x1365.jpg 2048w\" sizes=\"auto, (max-width: 1280px) 100vw, 1280px\" \/><figcaption class=\"wp-element-caption\">Abteilungsleiter Dr. Dirk Orlam\u00fcnder<\/figcaption><\/figure>\n<\/div>\n\n\n\n<div class=\"wp-block-column is-layout-flow wp-block-column-is-layout-flow\">\n<figure class=\"wp-block-image size-large\"><img loading=\"lazy\" decoding=\"async\" width=\"1280\" height=\"853\" src=\"https:\/\/www.smwa.sachsen.de\/blog\/wp-content\/uploads\/2023\/01\/230112_SMWA-Ammonstrasse-3553-1280x853.jpg\" alt=\"\" class=\"wp-image-1290\" srcset=\"https:\/\/www.smwa.sachsen.de\/blog\/wp-content\/uploads\/2023\/01\/230112_SMWA-Ammonstrasse-3553-1280x853.jpg 1280w, https:\/\/www.smwa.sachsen.de\/blog\/wp-content\/uploads\/2023\/01\/230112_SMWA-Ammonstrasse-3553-430x287.jpg 430w, https:\/\/www.smwa.sachsen.de\/blog\/wp-content\/uploads\/2023\/01\/230112_SMWA-Ammonstrasse-3553-768x512.jpg 768w, https:\/\/www.smwa.sachsen.de\/blog\/wp-content\/uploads\/2023\/01\/230112_SMWA-Ammonstrasse-3553-1536x1024.jpg 1536w, https:\/\/www.smwa.sachsen.de\/blog\/wp-content\/uploads\/2023\/01\/230112_SMWA-Ammonstrasse-3553-2048x1365.jpg 2048w\" sizes=\"auto, (max-width: 1280px) 100vw, 1280px\" \/><figcaption class=\"wp-element-caption\">Eingangsbereich in der Ammonstra\u00dfe <\/figcaption><\/figure>\n<\/div>\n<\/div>\n\n\n\n<p>Einen \u00bbHidden Champion\u00ab unter den Referaten des SMWA stattete Martin Dulig einen pers\u00f6nlichen Besuch in der Dienstberatung im Dienstgeb\u00e4ude in der Ammonstra\u00dfe ab. Die Bescheinigungsbeh\u00f6rde ESF\/EFRE\/JTF im Referat 15 ist der Abteilung 1 \u00bbZentrale Dienste und Recht\u00ab zugeordnet. Das Referat h\u00e4lt einen engen Draht zur Europ\u00e4ischen Union in Br\u00fcssel und k\u00fcmmert sich f\u00fcr Sachsen um die Bearbeitung der Europ\u00e4ischen Strukturmittel aus den gro\u00dfen drei Finanzierungsfonds. Von dem kleinen Team werden Milliarden Summen koordiniert und bewegt von denen die S\u00e4chsinnen und Sachsen jeden Tag profitieren.<\/p>\n\n\n\n<div class=\"wp-block-columns is-layout-flex wp-container-core-columns-is-layout-9d6595d7 wp-block-columns-is-layout-flex\">\n<div class=\"wp-block-column is-layout-flow wp-block-column-is-layout-flow\">\n<figure class=\"wp-block-image size-large\"><img loading=\"lazy\" decoding=\"async\" width=\"1280\" height=\"853\" src=\"https:\/\/www.smwa.sachsen.de\/blog\/wp-content\/uploads\/2023\/01\/230112_SMWA-Ammonstrasse-3454-1280x853.jpg\" alt=\"\" class=\"wp-image-1291\" srcset=\"https:\/\/www.smwa.sachsen.de\/blog\/wp-content\/uploads\/2023\/01\/230112_SMWA-Ammonstrasse-3454-1280x853.jpg 1280w, https:\/\/www.smwa.sachsen.de\/blog\/wp-content\/uploads\/2023\/01\/230112_SMWA-Ammonstrasse-3454-430x287.jpg 430w, https:\/\/www.smwa.sachsen.de\/blog\/wp-content\/uploads\/2023\/01\/230112_SMWA-Ammonstrasse-3454-768x512.jpg 768w, https:\/\/www.smwa.sachsen.de\/blog\/wp-content\/uploads\/2023\/01\/230112_SMWA-Ammonstrasse-3454-1536x1024.jpg 1536w, https:\/\/www.smwa.sachsen.de\/blog\/wp-content\/uploads\/2023\/01\/230112_SMWA-Ammonstrasse-3454-2048x1365.jpg 2048w\" sizes=\"auto, (max-width: 1280px) 100vw, 1280px\" \/><figcaption class=\"wp-element-caption\">Besprechungsraum in der Ammonstra\u00dfe<\/figcaption><\/figure>\n<\/div>\n\n\n\n<div class=\"wp-block-column is-layout-flow wp-block-column-is-layout-flow\">\n<figure class=\"wp-block-image size-large\"><img loading=\"lazy\" decoding=\"async\" width=\"1280\" height=\"853\" src=\"https:\/\/www.smwa.sachsen.de\/blog\/wp-content\/uploads\/2023\/01\/230112_SMWA-Ammonstrasse-3469-1280x853.jpg\" alt=\"\" class=\"wp-image-1288\" srcset=\"https:\/\/www.smwa.sachsen.de\/blog\/wp-content\/uploads\/2023\/01\/230112_SMWA-Ammonstrasse-3469-1280x853.jpg 1280w, https:\/\/www.smwa.sachsen.de\/blog\/wp-content\/uploads\/2023\/01\/230112_SMWA-Ammonstrasse-3469-430x287.jpg 430w, https:\/\/www.smwa.sachsen.de\/blog\/wp-content\/uploads\/2023\/01\/230112_SMWA-Ammonstrasse-3469-768x512.jpg 768w, https:\/\/www.smwa.sachsen.de\/blog\/wp-content\/uploads\/2023\/01\/230112_SMWA-Ammonstrasse-3469-1536x1024.jpg 1536w, https:\/\/www.smwa.sachsen.de\/blog\/wp-content\/uploads\/2023\/01\/230112_SMWA-Ammonstrasse-3469-2048x1365.jpg 2048w\" sizes=\"auto, (max-width: 1280px) 100vw, 1280px\" \/><figcaption class=\"wp-element-caption\">Minister Martin Dulig bei der Referatsbesprechung<\/figcaption><\/figure>\n<\/div>\n<\/div>\n\n\n\n<p>Im Anschluss ging es zur\u00fcck ins Haupthaus am Dresdner Carolaplatz. Vor dem Ministerb\u00fcro in der sechsten Etage hatten sich bereits \u00fcber 30 neue Kolleginnen und Kollegen versammelt, um im SMWA offiziell von der Hausleitung, um Minister Martin Dulig und die Staatssekret\u00e4re Thomas Kralinski und Ines Fr\u00f6hlich pers\u00f6nlich begr\u00fc\u00dft zu werden. Die gr\u00f6\u00dften \u00bbZuwachs\u00ab mit \u00fcber 20 neuen Kolleginnen und Kollegen erfuhr die Abteilung 2 in den vergangenen Jahren \u2013 aber auch die anderen Abteilungen durften neue Mitstreiterinnen und Mitstreiter in ihren Reihen begr\u00fc\u00dfen. Insbesondere im Stell-Dich-Ein nach der offiziellen Begr\u00fc\u00dfung wurde vor allem eins deutlich: Die Motivation im SMWA im wahrsten Sinne \u00bbZukunft\u00ab zu schreiben ist gro\u00df. Gerade die Themenvielfalt und die verschiedenen Schwerpunkte des Hauses sind eine besondere Gelegenheit den Start im SMWA zu wagen. Gerade das Miteinander wird hier gro\u00dfgeschrieben.&nbsp;<\/p>\n\n\n\n<div class=\"wp-block-columns is-layout-flex wp-container-core-columns-is-layout-9d6595d7 wp-block-columns-is-layout-flex\">\n<div class=\"wp-block-column is-layout-flow wp-block-column-is-layout-flow\">\n<figure class=\"wp-block-image size-large\"><img loading=\"lazy\" decoding=\"async\" width=\"1280\" height=\"853\" src=\"https:\/\/www.smwa.sachsen.de\/blog\/wp-content\/uploads\/2023\/01\/230112_Begruessung-neue-Mitarbeiter-SMWA-3615-1280x853.jpg\" alt=\"\" class=\"wp-image-1292\" srcset=\"https:\/\/www.smwa.sachsen.de\/blog\/wp-content\/uploads\/2023\/01\/230112_Begruessung-neue-Mitarbeiter-SMWA-3615-1280x853.jpg 1280w, https:\/\/www.smwa.sachsen.de\/blog\/wp-content\/uploads\/2023\/01\/230112_Begruessung-neue-Mitarbeiter-SMWA-3615-430x287.jpg 430w, https:\/\/www.smwa.sachsen.de\/blog\/wp-content\/uploads\/2023\/01\/230112_Begruessung-neue-Mitarbeiter-SMWA-3615-768x512.jpg 768w, https:\/\/www.smwa.sachsen.de\/blog\/wp-content\/uploads\/2023\/01\/230112_Begruessung-neue-Mitarbeiter-SMWA-3615-1536x1024.jpg 1536w, https:\/\/www.smwa.sachsen.de\/blog\/wp-content\/uploads\/2023\/01\/230112_Begruessung-neue-Mitarbeiter-SMWA-3615-2048x1365.jpg 2048w\" sizes=\"auto, (max-width: 1280px) 100vw, 1280px\" \/><figcaption class=\"wp-element-caption\">Die Hausleitung des SMWA bei der Begr\u00fc\u00dfung der neuen Mitarbeiterinnen und Mitarbeiter im SMWA <\/figcaption><\/figure>\n<\/div>\n\n\n\n<div class=\"wp-block-column is-layout-flow wp-block-column-is-layout-flow\">\n<figure class=\"wp-block-image size-large\"><img loading=\"lazy\" decoding=\"async\" width=\"1280\" height=\"853\" src=\"https:\/\/www.smwa.sachsen.de\/blog\/wp-content\/uploads\/2023\/01\/230112_Begruessung-neue-Mitarbeiter-SMWA-3572-1280x853.jpg\" alt=\"\" class=\"wp-image-1293\" srcset=\"https:\/\/www.smwa.sachsen.de\/blog\/wp-content\/uploads\/2023\/01\/230112_Begruessung-neue-Mitarbeiter-SMWA-3572-1280x853.jpg 1280w, https:\/\/www.smwa.sachsen.de\/blog\/wp-content\/uploads\/2023\/01\/230112_Begruessung-neue-Mitarbeiter-SMWA-3572-430x287.jpg 430w, https:\/\/www.smwa.sachsen.de\/blog\/wp-content\/uploads\/2023\/01\/230112_Begruessung-neue-Mitarbeiter-SMWA-3572-768x512.jpg 768w, https:\/\/www.smwa.sachsen.de\/blog\/wp-content\/uploads\/2023\/01\/230112_Begruessung-neue-Mitarbeiter-SMWA-3572-1536x1024.jpg 1536w, https:\/\/www.smwa.sachsen.de\/blog\/wp-content\/uploads\/2023\/01\/230112_Begruessung-neue-Mitarbeiter-SMWA-3572-2048x1365.jpg 2048w\" sizes=\"auto, (max-width: 1280px) 100vw, 1280px\" \/><figcaption class=\"wp-element-caption\">Zur Begr\u00fc\u00dfung wurden Notizbl\u00f6cke und Kugelschreiber verteilt. <\/figcaption><\/figure>\n<\/div>\n<\/div>\n\n\n\n<p>Und so f\u00e4llt auch das Fazit des Ministers nach einem Abstecher in die Au\u00dfenstelle und im Gespr\u00e4ch mit neuen Kolleginnen und Kollegen durchweg positiv aus: \u00bbNach \u00fcber zwei Jahren Pandemie und den n\u00f6tigen Einschr\u00e4nkungen auch im Arbeitsalltag des Hauses ist es einfach toll, viele Kolleginnen und Kollegen pers\u00f6nlich zu treffen und sich auszutauschen. Als Minister ist mir \u00e4u\u00dfert wichtig, dass es in meinem Haus \u2013 gleich ob im Haupthaus oder in der Ammonstra\u00dfe \u2013 l\u00e4uft. Auf meine Mitarbeiterinnen und Mitarbeiter kann ich mich verlassen. Gleich ob in der IT, in der Bescheinigungsbeh\u00f6rde oder in der Landesregulierungsbeh\u00f6rde &#8211; in den Referaten im SMWA wird jeden Tag f\u00fcr eine gute Zukunft im Freistaat Sachsen gearbeitet. Umso mehr freut es mich, jetzt wieder verst\u00e4rkt Eindr\u00fccke vom Arbeitsalltag im Ministerium zu bekommen, wo es doch in der Corona-Pandemie nur sehr eingeschr\u00e4nkt m\u00f6glich war.\u00ab&nbsp;<\/p>\n\n\n\n<p>Sie interessieren sich f\u00fcr eine in unserem Karriere-Portal vorbei! Dieses finden Sie mit vielen interessanten und aktuellen Stellenanzeigen hier online: <a href=\"https:\/\/www.smwa.sachsen.de\/gestalten-sie-zukunft-aktiv-mit-3985.html\">https:\/\/www.smwa.sachsen.de\/gestalten-sie-zukunft-aktiv-mit-3985.html<\/a>&nbsp;<\/p>\n\n\n\n<p><\/p>\n\n\n\n<p>Bilder: SMWA <\/p>\n","protected":false},"excerpt":{"rendered":"<p>W\u00e4hrend im Foyer des SMWA die Weihnachtsdekoration aus der gro\u00dfen erzgebirgischen Pyramide und dem Weihnachtsbaum verschwunden ist, startet die Belegschaft des SMWA hoch motiviert ins neue Arbeitsjahr 2023. Im Stammhaus am Dresdner Carolaplatz und in der Au\u00dfenstelle an der Ammonstra\u00dfe in der N\u00e4he des Hauptbahnhofs, wird das neue Jahr arbeitsreich, aber mit der lange n\u00f6tigen, [&hellip;]<\/p>\n","protected":false},"author":3,"featured_media":1286,"comment_status":"open","ping_status":"open","sticky":false,"template":"","format":"standard","meta":{"episode_type":"","audio_file":"","podmotor_file_id":"","podmotor_episode_id":"","cover_image":"","cover_image_id":"","duration":"","filesize":"","filesize_raw":"","date_recorded":"","explicit":"","block":"","footnotes":""},"categories":[1,38],"tags":[],"class_list":["post-1285","post","type-post","status-publish","format-standard","has-post-thumbnail","hentry","category-aktuelles","category-smwa-geschichten"],"_links":{"self":[{"href":"https:\/\/www.smwa.sachsen.de\/blog\/wp-json\/wp\/v2\/posts\/1285","targetHints":{"allow":["GET"]}}],"collection":[{"href":"https:\/\/www.smwa.sachsen.de\/blog\/wp-json\/wp\/v2\/posts"}],"about":[{"href":"https:\/\/www.smwa.sachsen.de\/blog\/wp-json\/wp\/v2\/types\/post"}],"author":[{"embeddable":true,"href":"https:\/\/www.smwa.sachsen.de\/blog\/wp-json\/wp\/v2\/users\/3"}],"replies":[{"embeddable":true,"href":"https:\/\/www.smwa.sachsen.de\/blog\/wp-json\/wp\/v2\/comments?post=1285"}],"version-history":[{"count":3,"href":"https:\/\/www.smwa.sachsen.de\/blog\/wp-json\/wp\/v2\/posts\/1285\/revisions"}],"predecessor-version":[{"id":1384,"href":"https:\/\/www.smwa.sachsen.de\/blog\/wp-json\/wp\/v2\/posts\/1285\/revisions\/1384"}],"wp:featuredmedia":[{"embeddable":true,"href":"https:\/\/www.smwa.sachsen.de\/blog\/wp-json\/wp\/v2\/media\/1286"}],"wp:attachment":[{"href":"https:\/\/www.smwa.sachsen.de\/blog\/wp-json\/wp\/v2\/media?parent=1285"}],"wp:term":[{"taxonomy":"category","embeddable":true,"href":"https:\/\/www.smwa.sachsen.de\/blog\/wp-json\/wp\/v2\/categories?post=1285"},{"taxonomy":"post_tag","embeddable":true,"href":"https:\/\/www.smwa.sachsen.de\/blog\/wp-json\/wp\/v2\/tags?post=1285"}],"curies":[{"name":"wp","href":"https:\/\/api.w.org\/{rel}","templated":true}]}}